{"id":9306,"date":"2026-09-03T15:37:08","date_gmt":"2026-09-03T15:37:08","guid":{"rendered":"https:\/\/www.notredamelacouronne.fr\/news\/?p=9306"},"modified":"2026-09-03T18:51:48","modified_gmt":"2026-09-03T17:51:48","slug":"premier-jour-en-ce1","status":"publish","type":"post","link":"https:\/\/www.notredamelacouronne.fr\/news\/2026\/09\/premier-jour-en-ce1\/","title":{"rendered":"Premier jour en CE1"},"content":{"rendered":"<div class=\"postie-post\">\n<div>\n<div class=\"ydp574c4217yahoo-style-wrap\" style=\"font-family: Helvetica Neue, Helvetica, Arial, sans-serif; font-size: 13px;\">\n<div dir=\"ltr\" data-setdir=\"false\">Les 19 \u00e9l\u00e8ves de CE1 ont fait leur rentr\u00e9e sous un beau soleil! Et bienvenue \u00e0 Capucine, Yorik et Jules!<\/div>\n<div dir=\"ltr\" data-setdir=\"false\">\n<p><img decoding=\"async\" class=\"yahoo-inline-image\" style=\"max-width: 800px;\" title=\"Image en ligne\" draggable=\"false\" src=\"https:\/\/www.notredamelacouronne.fr\/news\/wp-content\/uploads\/2026\/09\/1788449825648blob.png\" alt=\"Image en ligne\" \/><\/p>\n<\/div>\n<div dir=\"ltr\" data-setdir=\"false\">\n<p><img decoding=\"async\" class=\"ydp5f4c072byahoo-inline-image\" style=\"max-width: 778px; width: 100%;\" title=\"Image en ligne\" src=\"https:\/\/www.notredamelacouronne.fr\/news\/wp-content\/uploads\/2026\/09\/1788449807132blob.png\" alt=\"Image en ligne\" \/><\/p>\n<\/div>\n<\/div>\n<\/div>\n<\/div>\n","protected":false},"excerpt":{"rendered":"<p>Les 19 \u00e9l\u00e8ves de CE1 ont fait leur rentr\u00e9e sous un beau soleil! Et bienvenue \u00e0 Capucine, Yorik et Jules!<\/p>\n","protected":false},"author":632,"featured_media":0,"comment_status":"closed","ping_status":"closed","sticky":false,"template":"","format":"standard","meta":{"footnotes":""},"categories":[4,23],"tags":[],"class_list":["post-9306","post","type-post","status-publish","format-standard","hentry","category-news-de-lecole","category-recent"],"_links":{"self":[{"href":"https:\/\/www.notredamelacouronne.fr\/news\/wp-json\/wp\/v2\/posts\/9306","targetHints":{"allow":["GET"]}}],"collection":[{"href":"https:\/\/www.notredamelacouronne.fr\/news\/wp-json\/wp\/v2\/posts"}],"about":[{"href":"https:\/\/www.notredamelacouronne.fr\/news\/wp-json\/wp\/v2\/types\/post"}],"author":[{"embeddable":true,"href":"https:\/\/www.notredamelacouronne.fr\/news\/wp-json\/wp\/v2\/users\/632"}],"replies":[{"embeddable":true,"href":"https:\/\/www.notredamelacouronne.fr\/news\/wp-json\/wp\/v2\/comments?post=9306"}],"version-history":[{"count":2,"href":"https:\/\/www.notredamelacouronne.fr\/news\/wp-json\/wp\/v2\/posts\/9306\/revisions"}],"predecessor-version":[{"id":9311,"href":"https:\/\/www.notredamelacouronne.fr\/news\/wp-json\/wp\/v2\/posts\/9306\/revisions\/9311"}],"wp:attachment":[{"href":"https:\/\/www.notredamelacouronne.fr\/news\/wp-json\/wp\/v2\/media?parent=9306"}],"wp:term":[{"taxonomy":"category","embeddable":true,"href":"https:\/\/www.notredamelacouronne.fr\/news\/wp-json\/wp\/v2\/categories?post=9306"},{"taxonomy":"post_tag","embeddable":true,"href":"https:\/\/www.notredamelacouronne.fr\/news\/wp-json\/wp\/v2\/tags?post=9306"}],"curies":[{"name":"wp","href":"https:\/\/api.w.org\/{rel}","templated":true}]}}