{"id":9107,"date":"2026-04-20T13:46:04","date_gmt":"2026-04-20T12:46:04","guid":{"rendered":"https:\/\/www.notredamelacouronne.fr\/news\/?p=9107"},"modified":"2026-04-26T15:45:07","modified_gmt":"2026-04-26T14:45:07","slug":"dates-a-retenir-avril-mai-juin","status":"publish","type":"post","link":"https:\/\/www.notredamelacouronne.fr\/news\/2026\/04\/dates-a-retenir-avril-mai-juin\/","title":{"rendered":"Dates \u00e0 retenir \u2013 Avril \/ Mai \/ Juin"},"content":{"rendered":"\n<p>Vous trouverez ci-dessous les dates importantes \u00e0 retenir. Des informations pratiques compl\u00e9mentaires vous seront transmises au fur et \u00e0 mesure.<\/p>\n\n\n\n<ul class=\"wp-block-list\">\n<li><strong>Jeudi 23 avril<\/strong> : journ\u00e9e autour de l\u2019\u00e9galit\u00e9 filles\/gar\u00e7ons, avec notamment, \u00e0 partir du CE1, l\u2019intervention de l\u2019association \u00ab Elles bougent \u00bb<\/li>\n\n\n\n<li><strong>Jeudi 30 avril<\/strong> : visite de la PMI pour la classe de MS<\/li>\n\n\n\n<li><strong>Mardi 5 mai<\/strong> : photos de classe<\/li>\n\n\n\n<li><strong>Du mercredi 6 au dimanche 10 mai<\/strong> : pont<\/li>\n\n\n\n<li><strong>Du mercredi 13 au dimanche 17 mai<\/strong> : pont<\/li>\n\n\n\n<li><strong>Du lundi 18 au vendredi 22 mai<\/strong> : je serai en formation et donc absente (Ma\u00eetresse Alexandra prendra en charge les GS comme \u00e0 l\u2019habitude en mon absence)<\/li>\n\n\n\n<li><strong>Lundi 25 mai<\/strong> : jour f\u00e9ri\u00e9<\/li>\n\n\n\n<li><strong>Mercredi 27 mai<\/strong> : matin\u00e9e d\u00e9couverte<\/li>\n\n\n\n<li><strong>Vendredi 29 mai<\/strong> : je serai absente sur la journ\u00e9e<\/li>\n\n\n\n<li><strong>Mardi 2 juin<\/strong> : sortie scolaire \u00e0 la journ\u00e9e pour toutes les classes sauf GS et CM1 (pas de cantine ce jour-l\u00e0)<\/li>\n\n\n\n<li><strong>Mardi 9 juin<\/strong> : sortie scolaire pour les GS et CM1 (cantine maintenue)<\/li>\n\n\n\n<li><strong>Jeudi 11 juin<\/strong> : sortie des GS dans le cadre du projet interg\u00e9n\u00e9rationnel (organisation en cours)<\/li>\n\n\n\n<li><strong>Samedi 13 juin<\/strong> : spectacle de fin d\u2019ann\u00e9e l\u2019apr\u00e8s-midi<\/li>\n\n\n\n<li><strong>Jeudi 18 juin<\/strong> : sortie au centre STGA pour les CM2 (sensibilisation aux transports en commun \u2013 en cours de validation)<\/li>\n\n\n\n<li><strong>Vendredi 26 juin<\/strong> : kermesse avec jeux l\u2019apr\u00e8s-midi<\/li>\n\n\n\n<li><strong>Mardi 30 juin<\/strong> : dernier jour d\u2019\u00e9cole<\/li>\n<\/ul>\n","protected":false},"excerpt":{"rendered":"<p>Vous trouverez ci-dessous les dates importantes \u00e0 retenir. Des informations pratiques compl\u00e9mentaires vous seront transmises au fur et \u00e0 mesure.<\/p>\n","protected":false},"author":766,"featured_media":0,"comment_status":"closed","ping_status":"closed","sticky":false,"template":"","format":"standard","meta":{"footnotes":""},"categories":[30,23],"tags":[],"class_list":["post-9107","post","type-post","status-publish","format-standard","hentry","category-dates-a-retenir","category-recent"],"_links":{"self":[{"href":"https:\/\/www.notredamelacouronne.fr\/news\/wp-json\/wp\/v2\/posts\/9107","targetHints":{"allow":["GET"]}}],"collection":[{"href":"https:\/\/www.notredamelacouronne.fr\/news\/wp-json\/wp\/v2\/posts"}],"about":[{"href":"https:\/\/www.notredamelacouronne.fr\/news\/wp-json\/wp\/v2\/types\/post"}],"author":[{"embeddable":true,"href":"https:\/\/www.notredamelacouronne.fr\/news\/wp-json\/wp\/v2\/users\/766"}],"replies":[{"embeddable":true,"href":"https:\/\/www.notredamelacouronne.fr\/news\/wp-json\/wp\/v2\/comments?post=9107"}],"version-history":[{"count":3,"href":"https:\/\/www.notredamelacouronne.fr\/news\/wp-json\/wp\/v2\/posts\/9107\/revisions"}],"predecessor-version":[{"id":9110,"href":"https:\/\/www.notredamelacouronne.fr\/news\/wp-json\/wp\/v2\/posts\/9107\/revisions\/9110"}],"wp:attachment":[{"href":"https:\/\/www.notredamelacouronne.fr\/news\/wp-json\/wp\/v2\/media?parent=9107"}],"wp:term":[{"taxonomy":"category","embeddable":true,"href":"https:\/\/www.notredamelacouronne.fr\/news\/wp-json\/wp\/v2\/categories?post=9107"},{"taxonomy":"post_tag","embeddable":true,"href":"https:\/\/www.notredamelacouronne.fr\/news\/wp-json\/wp\/v2\/tags?post=9107"}],"curies":[{"name":"wp","href":"https:\/\/api.w.org\/{rel}","templated":true}]}}