{"id":9037,"date":"2026-03-12T14:11:38","date_gmt":"2026-03-12T13:11:38","guid":{"rendered":"https:\/\/www.notredamelacouronne.fr\/news\/?p=9037"},"modified":"2026-03-12T14:11:38","modified_gmt":"2026-03-12T13:11:38","slug":"informations-et-dates-a-retenir-mars-avril","status":"publish","type":"post","link":"https:\/\/www.notredamelacouronne.fr\/news\/2026\/03\/informations-et-dates-a-retenir-mars-avril\/","title":{"rendered":"Informations et dates \u00e0 retenir \u2013 Mars \/ Avril"},"content":{"rendered":"\n<p>Voici quelques informations et dates importantes pour les semaines \u00e0 venir. La fin du mois de mars et le d\u00e9but d\u2019avril seront riches en projets et en moments partag\u00e9s pour les \u00e9l\u00e8ves !<\/p>\n\n\n\n<p><strong>La grande lessive<\/strong><\/p>\n\n\n\n<p>Les \u00e9l\u00e8ves de l\u2019\u00e9cole ont travaill\u00e9 sur la th\u00e9matique du \u00ab\u00a0Je-Nous\u00a0\u00bb. Nous vous invitons \u00e0 venir d\u00e9couvrir leur interpr\u00e9tation artistique lors une exposition en plein air le<strong> jeudi 19 mars \u00e0 16h30<\/strong>.<\/p>\n\n\n\n<p><strong>Sortie au cirque<\/strong><br><strong>Le vendredi 20 mars apr\u00e8s-midi<\/strong>, les \u00e9l\u00e8ves de GS au CM2 auront la chance d\u2019\u00eatre invit\u00e9s au cirque par la ville. Un moment festif qui devrait beaucoup plaire aux enfants !<\/p>\n\n\n\n<p><strong>Sortie nature TPS\u2013PS<\/strong><br><strong>Le lundi 23 mars au matin<\/strong>, les \u00e9l\u00e8ves de TPS-PS profiteront d\u2019une sortie nature, l\u2019occasion de d\u00e9couvrir et d\u2019observer l\u2019environnement qui les entoure.<\/p>\n\n\n\n<p><strong>Voyage scolaire CM1\u2013CM2<\/strong><br><strong>Les 23, 24 et 25 mars<\/strong>, les \u00e9l\u00e8ves de CM1 et CM2 partiront en voyage scolaire dans le Val de Loire. Une belle aventure en perspective !<br>Ils seront accompagn\u00e9s par Mme Bayle, Mme Cabirol et Mme Vigan.<br>Pendant ce temps, Mme Atasoy prendra en charge la classe de GS.<\/p>\n\n\n\n<p><strong>Absence de Mme Vasseur<\/strong><br><strong>Les 26 et 27 mars<\/strong>, Mme Vasseur sera en formation.<br>Nous vous remercions de privil\u00e9gier les communications par mail via l\u2019adresse de la direction durant ces deux journ\u00e9es.<\/p>\n\n\n\n<p><strong>Olympiades paralympiques organis\u00e9es par la ville<\/strong><br>Nos \u00e9l\u00e8ves auront la joie de participer aux olympiades paralympiques organis\u00e9es par la ville :<\/p>\n\n\n\n<ol start=\"1\" class=\"wp-block-list\">\n<li><strong>Lundi 30 mars (matin)<\/strong> : TPS, PS et MS<\/li>\n\n\n\n<li><strong>Mardi 31 mars (matin)<\/strong> : GS et CP<\/li>\n\n\n\n<li><strong>Mardi 31 mars (apr\u00e8s-midi)<\/strong> : CE1, CE2, CM1 et CM2<\/li>\n<\/ol>\n\n\n\n<p>Merci de pr\u00e9voir une tenue de sport adapt\u00e9e pour ces activit\u00e9s.<br>Les enseignantes reviendront vers vous si des pr\u00e9cisions sont n\u00e9cessaires selon les classes.<\/p>\n\n\n\n<p><strong>C\u00e9l\u00e9bration de P\u00e2ques<\/strong><br><strong>Le jeudi 2 avril \u00e0 9h30<\/strong>, nous vivrons ensemble la c\u00e9l\u00e9bration de P\u00e2ques.<br>Ce temps de rassemblement est toujours un moment important de la vie de notre \u00e9cole. Vous y \u00eates chaleureusement invit\u00e9s si vous souhaitez vous joindre \u00e0 nous.<\/p>\n\n\n\n<p><strong>Exceptionnellement, la s\u00e9ance de tennis des classes de GS, CP, CE1 et CE2 sera d\u00e9cal\u00e9e au vendredi 3 avril. Merci de pr\u00e9voir la tenue de sport.<\/strong><\/p>\n\n\n\n<p>Les enseignantes vous transmettront au fur et \u00e0 mesure les informations concernant les activit\u00e9s sportives et les sorties.<\/p>\n\n\n\n<p>Nous vous remercions de consulter r\u00e9guli\u00e8rement les cahiers de liaison.<\/p>\n","protected":false},"excerpt":{"rendered":"<p>Voici quelques informations et dates importantes pour les semaines \u00e0 venir. La fin du mois de mars et le d\u00e9but d\u2019avril seront riches en projets et en moments partag\u00e9s pour les \u00e9l\u00e8ves ! La grande lessive Les \u00e9l\u00e8ves de l\u2019\u00e9cole ont travaill\u00e9 sur la th\u00e9matique du \u00ab\u00a0Je-Nous\u00a0\u00bb. Nous vous invitons \u00e0 venir d\u00e9couvrir leur interpr\u00e9tation &#8230;<\/p>\n<p><a href=\"https:\/\/www.notredamelacouronne.fr\/news\/2026\/03\/informations-et-dates-a-retenir-mars-avril\/\" class=\"more-link\">Continue reading &lsquo;Informations et dates \u00e0 retenir \u2013 Mars \/ Avril&rsquo; &raquo;<\/a><\/p>\n","protected":false},"author":766,"featured_media":0,"comment_status":"closed","ping_status":"closed","sticky":false,"template":"","format":"standard","meta":{"footnotes":""},"categories":[30,23],"tags":[],"class_list":["post-9037","post","type-post","status-publish","format-standard","hentry","category-dates-a-retenir","category-recent"],"_links":{"self":[{"href":"https:\/\/www.notredamelacouronne.fr\/news\/wp-json\/wp\/v2\/posts\/9037","targetHints":{"allow":["GET"]}}],"collection":[{"href":"https:\/\/www.notredamelacouronne.fr\/news\/wp-json\/wp\/v2\/posts"}],"about":[{"href":"https:\/\/www.notredamelacouronne.fr\/news\/wp-json\/wp\/v2\/types\/post"}],"author":[{"embeddable":true,"href":"https:\/\/www.notredamelacouronne.fr\/news\/wp-json\/wp\/v2\/users\/766"}],"replies":[{"embeddable":true,"href":"https:\/\/www.notredamelacouronne.fr\/news\/wp-json\/wp\/v2\/comments?post=9037"}],"version-history":[{"count":1,"href":"https:\/\/www.notredamelacouronne.fr\/news\/wp-json\/wp\/v2\/posts\/9037\/revisions"}],"predecessor-version":[{"id":9038,"href":"https:\/\/www.notredamelacouronne.fr\/news\/wp-json\/wp\/v2\/posts\/9037\/revisions\/9038"}],"wp:attachment":[{"href":"https:\/\/www.notredamelacouronne.fr\/news\/wp-json\/wp\/v2\/media?parent=9037"}],"wp:term":[{"taxonomy":"category","embeddable":true,"href":"https:\/\/www.notredamelacouronne.fr\/news\/wp-json\/wp\/v2\/categories?post=9037"},{"taxonomy":"post_tag","embeddable":true,"href":"https:\/\/www.notredamelacouronne.fr\/news\/wp-json\/wp\/v2\/tags?post=9037"}],"curies":[{"name":"wp","href":"https:\/\/api.w.org\/{rel}","templated":true}]}}