{"id":8965,"date":"2025-12-30T18:26:26","date_gmt":"2025-12-30T18:26:26","guid":{"rendered":"https:\/\/www.notredamelacouronne.fr\/news\/?p=8965"},"modified":"2026-02-12T11:40:55","modified_gmt":"2026-02-12T10:40:55","slug":"nos-apprentis-philosophes-ce1-et-ce2","status":"publish","type":"post","link":"https:\/\/www.notredamelacouronne.fr\/news\/2025\/12\/nos-apprentis-philosophes-ce1-et-ce2\/","title":{"rendered":"Nos apprentis philosophes : CE1 et CE2"},"content":{"rendered":"<div class=\"postie-post\">\n<div>\n<div class=\"ydp96641301yahoo-style-wrap\" style=\"font-family:Helvetica Neue, Helvetica, Arial, sans-serif;font-size:13px;\">\n<div dir=\"ltr\" data-setdir=\"false\">\n<div>\n<div style=\"font-family: Helvetica Neue, Helvetica, Arial, sans-serif;\">Les \u00e9l\u00e8ves de CE1 et CE2 ont particip\u00e9 \u00e0 l&rsquo;atelier philosophie propos\u00e9 par Catherine et sa petite mascotte Philola. En s&rsquo;appuyant sur le support livre, nos jeunes philosophes ont pu r\u00e9fl\u00e9chir, se questionner et \u00e9changer sur des th\u00e9matiques comme la col\u00e8re, grandir, l&rsquo;amiti\u00e9, la justice&#8230;<\/div>\n<div style=\"font-family: Helvetica Neue, Helvetica, Arial, sans-serif;\">A chaque s\u00e9ance, on apprend \u00e0 formuler ses id\u00e9es, \u00e0 argumenter, \u00e0 confronter son point de vue avec celui du camarade. Il n&rsquo;y a pas de bonnes ou mauvaises r\u00e9ponses, chacun peut s&rsquo;exprimer librement dans le respect de la parole de l&rsquo;autre.&nbsp;<\/div>\n<div style=\"font-family: Helvetica Neue, Helvetica, Arial, sans-serif;\"><\/div>\n<div style=\"font-family: Helvetica Neue, Helvetica, Arial, sans-serif;\"><\/div>\n<p style=\"font-family: Helvetica Neue, Helvetica, Arial, sans-serif;\">&nbsp;<img decoding=\"async\" title=\"Image en ligne\" alt=\"Image en ligne\" src=\"https:\/\/www.notredamelacouronne.fr\/news\/wp-content\/uploads\/2025\/12\/1767119174625blob.jpg\" class=\"yahoo-inline-image\" draggable=\"false\" style=\"max-width: 800px; width: 100%;\" data-id=\"&lt;<a href=\"mailto:fd1cbd13-4c67-2f32-f9ac-6352755e1848@yahoo.com&#038;gt\" >fd1cbd13-4c67-2f32-f9ac-6352755e1848@yahoo.com&#038;gt<\/a>;\u00a0\u00bb><br \/><span><\/span><\/p>\n<\/div>\n<p><img decoding=\"async\" title=\"Image en ligne\" alt=\"Image en ligne\" src=\"https:\/\/www.notredamelacouronne.fr\/news\/wp-content\/uploads\/2025\/12\/1767116310992blob.png\" class=\"ydp66ca5588yahoo-inline-image ydpa4cb4b2yahoo-loading\" style=\"max-width: 800px; width: 100%;\" data-id=\"&lt;<a href=\"mailto:7a4f0f5b-7cbe-a8fd-2bae-e3d793ac6faa@yahoo.com&#038;gt\" >7a4f0f5b-7cbe-a8fd-2bae-e3d793ac6faa@yahoo.com&#038;gt<\/a>;\u00a0\u00bb><br \/><span><\/span><img decoding=\"async\" title=\"Image en ligne\" alt=\"Image en ligne\" src=\"https:\/\/www.notredamelacouronne.fr\/news\/wp-content\/uploads\/2025\/12\/1767116466979blob.png\" class=\"ydp2bd999cbyahoo-inline-image ydpa4cb4b2yahoo-loading\" style=\"max-width: 800px; width: 100%;\" data-id=\"&lt;<a href=\"mailto:d0ff650d-f28f-155b-5d23-7ed2b56050b2@yahoo.com&#038;gt\" >d0ff650d-f28f-155b-5d23-7ed2b56050b2@yahoo.com&#038;gt<\/a>;\u00a0\u00bb><br \/><span><\/span><img decoding=\"async\" title=\"Image en ligne\" alt=\"Image en ligne\" src=\"https:\/\/www.notredamelacouronne.fr\/news\/wp-content\/uploads\/2025\/12\/1767116494443blob.png\" class=\"ydp6e4f2876yahoo-inline-image\" style=\"max-width: 800px; width: 100%;\" data-id=\"&lt;<a href=\"mailto:52079586-3cfc-7bea-814d-387b8d97627b@yahoo.com&#038;gt\" >52079586-3cfc-7bea-814d-387b8d97627b@yahoo.com&#038;gt<\/a>;\u00a0\u00bb><br \/><span><\/span><img decoding=\"async\" title=\"Image en ligne\" alt=\"Image en ligne\" src=\"https:\/\/www.notredamelacouronne.fr\/news\/wp-content\/uploads\/2025\/12\/1767116577030blob.png\" class=\"ydp685fb670yahoo-inline-image\" style=\"max-width: 800px; width: 100%;\" data-id=\"&lt;<a href=\"mailto:1e6c4e60-bf0b-dade-d809-787bfebc53fe@yahoo.com&#038;gt\" >1e6c4e60-bf0b-dade-d809-787bfebc53fe@yahoo.com&#038;gt<\/a>;\u00a0\u00bb><br \/><span><\/span><img decoding=\"async\" title=\"Image en ligne\" alt=\"Image en ligne\" src=\"https:\/\/www.notredamelacouronne.fr\/news\/wp-content\/uploads\/2025\/12\/1767116600309blob.png\" class=\"ydp3193e413yahoo-inline-image\" style=\"max-width: 800px; width: 100%;\" data-id=\"&lt;<a href=\"mailto:7fade839-d2aa-c2ec-a038-303283d57a90@yahoo.com&#038;gt\" >7fade839-d2aa-c2ec-a038-303283d57a90@yahoo.com&#038;gt<\/a>;\u00a0\u00bb><br \/><span><\/span><\/div>\n<\/div>\n<\/div>\n<\/div>\n","protected":false},"excerpt":{"rendered":"<p>Les \u00e9l\u00e8ves de CE1 et CE2 ont particip\u00e9 \u00e0 l&rsquo;atelier philosophie propos\u00e9 par Catherine et sa petite mascotte Philola. En s&rsquo;appuyant sur le support livre, nos jeunes philosophes ont pu r\u00e9fl\u00e9chir, se questionner et \u00e9changer sur des th\u00e9matiques comme la col\u00e8re, grandir, l&rsquo;amiti\u00e9, la justice&#8230; A chaque s\u00e9ance, on apprend \u00e0 formuler ses id\u00e9es, \u00e0 &#8230;<\/p>\n<p><a href=\"https:\/\/www.notredamelacouronne.fr\/news\/2025\/12\/nos-apprentis-philosophes-ce1-et-ce2\/\" class=\"more-link\">Continue reading &lsquo;Nos apprentis philosophes : CE1 et CE2&rsquo; &raquo;<\/a><\/p>\n","protected":false},"author":632,"featured_media":0,"comment_status":"closed","ping_status":"closed","sticky":false,"template":"","format":"standard","meta":{"footnotes":""},"categories":[2],"tags":[],"class_list":["post-8965","post","type-post","status-publish","format-standard","hentry","category-vie-des-classes"],"_links":{"self":[{"href":"https:\/\/www.notredamelacouronne.fr\/news\/wp-json\/wp\/v2\/posts\/8965","targetHints":{"allow":["GET"]}}],"collection":[{"href":"https:\/\/www.notredamelacouronne.fr\/news\/wp-json\/wp\/v2\/posts"}],"about":[{"href":"https:\/\/www.notredamelacouronne.fr\/news\/wp-json\/wp\/v2\/types\/post"}],"author":[{"embeddable":true,"href":"https:\/\/www.notredamelacouronne.fr\/news\/wp-json\/wp\/v2\/users\/632"}],"replies":[{"embeddable":true,"href":"https:\/\/www.notredamelacouronne.fr\/news\/wp-json\/wp\/v2\/comments?post=8965"}],"version-history":[{"count":1,"href":"https:\/\/www.notredamelacouronne.fr\/news\/wp-json\/wp\/v2\/posts\/8965\/revisions"}],"predecessor-version":[{"id":9014,"href":"https:\/\/www.notredamelacouronne.fr\/news\/wp-json\/wp\/v2\/posts\/8965\/revisions\/9014"}],"wp:attachment":[{"href":"https:\/\/www.notredamelacouronne.fr\/news\/wp-json\/wp\/v2\/media?parent=8965"}],"wp:term":[{"taxonomy":"category","embeddable":true,"href":"https:\/\/www.notredamelacouronne.fr\/news\/wp-json\/wp\/v2\/categories?post=8965"},{"taxonomy":"post_tag","embeddable":true,"href":"https:\/\/www.notredamelacouronne.fr\/news\/wp-json\/wp\/v2\/tags?post=8965"}],"curies":[{"name":"wp","href":"https:\/\/api.w.org\/{rel}","templated":true}]}}