{"id":8960,"date":"2025-12-30T18:23:27","date_gmt":"2025-12-30T18:23:27","guid":{"rendered":"https:\/\/www.notredamelacouronne.fr\/news\/?p=8960"},"modified":"2026-02-12T11:41:33","modified_gmt":"2026-02-12T10:41:33","slug":"activite-zumba-ca-bouge-en-ce2","status":"publish","type":"post","link":"https:\/\/www.notredamelacouronne.fr\/news\/2025\/12\/activite-zumba-ca-bouge-en-ce2\/","title":{"rendered":"Activit\u00e9 Zumba: \u00e7a bouge en CE2!"},"content":{"rendered":"<div class=\"postie-post\">\n<div>\n<div class=\"ydp18b1b4yahoo-style-wrap\" style=\"font-family:Helvetica Neue, Helvetica, Arial, sans-serif;font-size:13px;\">\n<div dir=\"ltr\" data-setdir=\"false\">\n<div>\n<p style=\"font-family: Helvetica Neue, Helvetica, Arial, sans-serif;\">Dans le cadre de l&rsquo;EPS, les \u00e9l\u00e8ves de CE2 ont particip\u00e9 \u00e0 l&rsquo;activit\u00e9 Zumba avec Mathilde.<\/p>\n<p style=\"font-family: Helvetica Neue, Helvetica, Arial, sans-serif;\">Cette activit\u00e9 sportive et ludique tr\u00e8s appr\u00e9ci\u00e9e par les \u00e9l\u00e8ves permet de bouger en musique, d&rsquo;am\u00e9liorer son endurance, d&rsquo;apprendre \u00e0 suivre des consignes et partager un moment collectif dans une ambiance dynamique et bienveillante.<\/p>\n<div style=\"font-family: Helvetica Neue, Helvetica, Arial, sans-serif;\">On s&rsquo;\u00e9chauffe, on apprend des pas simples, on r\u00e9alise une petite chor\u00e9graphie sur des musiques toujours aussi&nbsp; entra\u00eenantes.<\/div>\n<\/div>\n<div style=\"font-family: Helvetica Neue, Helvetica, Arial, sans-serif;\"><img decoding=\"async\" title=\"Image en ligne\" alt=\"Image en ligne\" src=\"https:\/\/www.notredamelacouronne.fr\/news\/wp-content\/uploads\/2025\/12\/1767118936669blob.jpg\" class=\"yahoo-inline-image\" draggable=\"false\" style=\"max-width: 800px; width: 100%;\" data-id=\"&lt;<a href=\"mailto:a611e10d-7ee5-e6e5-0b56-3f14cac39eb1@yahoo.com&#038;gt\" >a611e10d-7ee5-e6e5-0b56-3f14cac39eb1@yahoo.com&#038;gt<\/a>;\u00a0\u00bb><br \/><span><\/span><\/div>\n<div style=\"font-family: Helvetica Neue, Helvetica, Arial, sans-serif;\" dir=\"ltr\" data-setdir=\"false\"><\/div>\n<div style=\"font-family: Helvetica Neue, Helvetica, Arial, sans-serif;\" dir=\"ltr\" data-setdir=\"false\"><img decoding=\"async\" title=\"Image en ligne\" alt=\"Image en ligne\" src=\"https:\/\/www.notredamelacouronne.fr\/news\/wp-content\/uploads\/2025\/12\/1767118979435blob.jpg\" class=\"yahoo-inline-image\" draggable=\"false\" style=\"max-width: 800px; width: 100%;\" data-id=\"&lt;<a href=\"mailto:f9986c89-bd7f-4e01-8fb4-4246a8acd418@yahoo.com&#038;gt\" >f9986c89-bd7f-4e01-8fb4-4246a8acd418@yahoo.com&#038;gt<\/a>;\u00a0\u00bb><\/div>\n<div style=\"font-family: Helvetica Neue, Helvetica, Arial, sans-serif;\" dir=\"ltr\" data-setdir=\"false\"><span><\/span><img decoding=\"async\" title=\"Image en ligne\" alt=\"Image en ligne\" src=\"https:\/\/www.notredamelacouronne.fr\/news\/wp-content\/uploads\/2025\/12\/1767118955167blob.jpg\" class=\"yahoo-inline-image\" draggable=\"false\" style=\"max-width: 800px; width: 100%;\" data-id=\"&lt;<a href=\"mailto:6764cfbc-eb21-3079-e6da-c47cf108329f@yahoo.com&#038;gt\" >6764cfbc-eb21-3079-e6da-c47cf108329f@yahoo.com&#038;gt<\/a>;\u00a0\u00bb><\/div>\n<div style=\"font-family: Helvetica Neue, Helvetica, Arial, sans-serif;\" dir=\"ltr\" data-setdir=\"false\"><\/div>\n<p><img decoding=\"async\" title=\"Image en ligne\" alt=\"Image en ligne\" src=\"https:\/\/www.notredamelacouronne.fr\/news\/wp-content\/uploads\/2025\/12\/1767116135485blob.png\" class=\"ydp52e76f32yahoo-inline-image\" style=\"max-width: 800px; width: 100%;\" data-id=\"&lt;<a href=\"mailto:46cf1825-06c8-3a9a-e6a3-e3f6ec874795@yahoo.com&#038;gt\" >46cf1825-06c8-3a9a-e6a3-e3f6ec874795@yahoo.com&#038;gt<\/a>;\u00a0\u00bb><br \/><span><\/span><\/div>\n<\/div>\n<\/div>\n<\/div>\n","protected":false},"excerpt":{"rendered":"<p>Dans le cadre de l&rsquo;EPS, les \u00e9l\u00e8ves de CE2 ont particip\u00e9 \u00e0 l&rsquo;activit\u00e9 Zumba avec Mathilde. Cette activit\u00e9 sportive et ludique tr\u00e8s appr\u00e9ci\u00e9e par les \u00e9l\u00e8ves permet de bouger en musique, d&rsquo;am\u00e9liorer son endurance, d&rsquo;apprendre \u00e0 suivre des consignes et partager un moment collectif dans une ambiance dynamique et bienveillante. On s&rsquo;\u00e9chauffe, on apprend des &#8230;<\/p>\n<p><a href=\"https:\/\/www.notredamelacouronne.fr\/news\/2025\/12\/activite-zumba-ca-bouge-en-ce2\/\" class=\"more-link\">Continue reading &lsquo;Activit\u00e9 Zumba: \u00e7a bouge en CE2!&rsquo; &raquo;<\/a><\/p>\n","protected":false},"author":632,"featured_media":0,"comment_status":"closed","ping_status":"closed","sticky":false,"template":"","format":"standard","meta":{"footnotes":""},"categories":[2],"tags":[],"class_list":["post-8960","post","type-post","status-publish","format-standard","hentry","category-vie-des-classes"],"_links":{"self":[{"href":"https:\/\/www.notredamelacouronne.fr\/news\/wp-json\/wp\/v2\/posts\/8960","targetHints":{"allow":["GET"]}}],"collection":[{"href":"https:\/\/www.notredamelacouronne.fr\/news\/wp-json\/wp\/v2\/posts"}],"about":[{"href":"https:\/\/www.notredamelacouronne.fr\/news\/wp-json\/wp\/v2\/types\/post"}],"author":[{"embeddable":true,"href":"https:\/\/www.notredamelacouronne.fr\/news\/wp-json\/wp\/v2\/users\/632"}],"replies":[{"embeddable":true,"href":"https:\/\/www.notredamelacouronne.fr\/news\/wp-json\/wp\/v2\/comments?post=8960"}],"version-history":[{"count":1,"href":"https:\/\/www.notredamelacouronne.fr\/news\/wp-json\/wp\/v2\/posts\/8960\/revisions"}],"predecessor-version":[{"id":9015,"href":"https:\/\/www.notredamelacouronne.fr\/news\/wp-json\/wp\/v2\/posts\/8960\/revisions\/9015"}],"wp:attachment":[{"href":"https:\/\/www.notredamelacouronne.fr\/news\/wp-json\/wp\/v2\/media?parent=8960"}],"wp:term":[{"taxonomy":"category","embeddable":true,"href":"https:\/\/www.notredamelacouronne.fr\/news\/wp-json\/wp\/v2\/categories?post=8960"},{"taxonomy":"post_tag","embeddable":true,"href":"https:\/\/www.notredamelacouronne.fr\/news\/wp-json\/wp\/v2\/tags?post=8960"}],"curies":[{"name":"wp","href":"https:\/\/api.w.org\/{rel}","templated":true}]}}