{"id":8953,"date":"2025-12-24T11:07:48","date_gmt":"2025-12-24T11:07:48","guid":{"rendered":"https:\/\/www.notredamelacouronne.fr\/news\/?p=8953"},"modified":"2026-02-12T11:41:52","modified_gmt":"2026-02-12T10:41:52","slug":"cycle-judo-en-cp-et-ce1","status":"publish","type":"post","link":"https:\/\/www.notredamelacouronne.fr\/news\/2025\/12\/cycle-judo-en-cp-et-ce1\/","title":{"rendered":"Cycle Judo en CP et CE1"},"content":{"rendered":"<div class=\"postie-post\">\n<div>\n<div class=\"ydp17e9eaa7yahoo-style-wrap\" style=\"font-family:Helvetica Neue, Helvetica, Arial, sans-serif;font-size:13px;\">\n<div id=\"ydp17e9eaa7yiv9894858172\">\n<div>\n<div style=\"font-family:Helvetica Neue, Helvetica, Arial, sans-serif;font-size:13px;\" class=\"ydp17e9eaa7yiv9894858172ydp3d96847fyahoo-style-wrap\">\n<div id=\"ydp17e9eaa7yiv9894858172ydp3d96847fyiv9276316981\">\n<div>\n<div style=\"font-family:Helvetica Neue, Helvetica, Arial, sans-serif;font-size:13px;\" class=\"ydp17e9eaa7yiv9894858172ydp3d96847fyiv9276316981ydp243d4bdbyahoo-style-wrap\">\n<div dir=\"ltr\">En seconde p\u00e9riode, les \u00e9l\u00e8ves de CP et de CE1 se sont initi\u00e9s au judo durant 5 s\u00e9ances. Gr\u00e2ce aux conseils de Bertrand et de Fanny, les apprentis judokas ont d\u00e9couvert les rudiments de ce sport de mani\u00e8re ludique, gr\u00e2ce \u00e0 des jeux. Puis, ils ont appris des techniques de combat afin de d\u00e9stabiliser l&rsquo;adversaire et de le faire chuter en douceur.&nbsp;<\/p>\n<div>\n<div style=\"border:0px;font-family:Gudea, sans-serif;font-size:14px;margin:0px 0px 1.5em;outline:0px;padding:0px;vertical-align:baseline;color:rgb(64, 64, 64);background-color:rgb(254, 254, 246);\">Les professeurs ont utilis\u00e9 un vocabulaire sp\u00e9cifique : \u00ab&nbsp;HAJIME&nbsp;\u00bb (commencez), \u00ab&nbsp;MATTE&nbsp;\u00bb (arr\u00eatez) et \u00ab&nbsp;REI&nbsp;\u00bb (saluez) afin de faire respecter les r\u00e8gles de cette discipline.&nbsp;<\/div>\n<div style=\"border:0px;font-family:Gudea, sans-serif;font-size:14px;margin:0px 0px 1.5em;outline:0px;padding:0px;vertical-align:baseline;color:rgb(64, 64, 64);background-color:rgb(254, 254, 246);\">Cette initiation fera s\u00fbrement na\u00eetre des vocations &#8230;<\/div>\n<\/div>\n<div style=\"border:0px;font-family:Gudea, sans-serif;font-size:14px;margin:0px 0px 1.5em;outline:0px;padding:0px;vertical-align:baseline;color:rgb(64, 64, 64);background-color:rgb(254, 254, 246);\" dir=\"ltr\"><img decoding=\"async\" title=\"Image en ligne\" alt=\"Image en ligne\" src=\"https:\/\/www.notredamelacouronne.fr\/news\/wp-content\/uploads\/2025\/12\/1766573695369blob-scaled.jpg\" style=\"max-width:800px;width:100%;\" class=\"ydp17e9eaa7yiv9894858172yahoo-inline-image\" data-id=\"&lt;<a href=\"mailto:c5b74537-7ce8-41c8-20c6-0cf5193838e1@yahoo.com&#038;gt\" >c5b74537-7ce8-41c8-20c6-0cf5193838e1@yahoo.com&#038;gt<\/a>;\u00a0\u00bb><\/div>\n<div style=\"border:0px;font-family:Gudea, sans-serif;font-size:14px;margin:0px 0px 1.5em;outline:0px;padding:0px;vertical-align:baseline;color:rgb(64, 64, 64);background-color:rgb(254, 254, 246);\" dir=\"ltr\" data-setdir=\"false\"><img decoding=\"async\" title=\"Image en ligne\" alt=\"Image en ligne\" src=\"https:\/\/www.notredamelacouronne.fr\/news\/wp-content\/uploads\/2025\/12\/1766573816174blob-scaled.jpg\" style=\"max-width: 800px; width: 100%;\" class=\"ydp17e9eaa7yiv9894858172yahoo-inline-image\" data-id=\"&lt;<a href=\"mailto:dd938570-40d8-62df-400e-9c59796e8c0a@yahoo.com&#038;gt\" >dd938570-40d8-62df-400e-9c59796e8c0a@yahoo.com&#038;gt<\/a>;\u00a0\u00bb><br \/><span><\/span><br \/><span><\/span><img decoding=\"async\" title=\"Image en ligne\" alt=\"Image en ligne\" src=\"https:\/\/www.notredamelacouronne.fr\/news\/wp-content\/uploads\/2025\/12\/1766574218209blob-scaled.jpg\" class=\"yahoo-inline-image\" draggable=\"false\" style=\"max-width: 800px;\" data-id=\"&lt;<a href=\"mailto:54610925-1212-51b1-9425-d8e8a82ac71e@yahoo.com&#038;gt\" >54610925-1212-51b1-9425-d8e8a82ac71e@yahoo.com&#038;gt<\/a>;\u00a0\u00bb><\/div>\n<div style=\"border:0px;font-family:Gudea, sans-serif;font-size:14px;margin:0px 0px 1.5em;outline:0px;padding:0px;vertical-align:baseline;color:rgb(64, 64, 64);background-color:rgb(254, 254, 246);\" dir=\"ltr\" data-setdir=\"false\"><img decoding=\"async\" title=\"Image en ligne\" alt=\"Image en ligne\" src=\"https:\/\/www.notredamelacouronne.fr\/news\/wp-content\/uploads\/2025\/12\/1766574237362blob.jpg\" class=\"yahoo-inline-image\" draggable=\"false\" style=\"max-width: 800px; width: 100%;\" data-id=\"&lt;<a href=\"mailto:2aed946a-a00b-381e-3303-6888359a5a0d@yahoo.com&#038;gt\" >2aed946a-a00b-381e-3303-6888359a5a0d@yahoo.com&#038;gt<\/a>;\u00a0\u00bb><\/div>\n<div style=\"border:0px;font-family:Gudea, sans-serif;font-size:14px;margin:0px 0px 1.5em;outline:0px;padding:0px;vertical-align:baseline;color:rgb(64, 64, 64);background-color:rgb(254, 254, 246);\" dir=\"ltr\" data-setdir=\"false\"><span><\/span><img decoding=\"async\" title=\"Image en ligne\" alt=\"Image en ligne\" src=\"https:\/\/www.notredamelacouronne.fr\/news\/wp-content\/uploads\/2025\/12\/1766574276700blob.jpg\" class=\"yahoo-inline-image\" draggable=\"false\" style=\"max-width: 800px;\" data-id=\"&lt;<a href=\"mailto:2e49309d-65fb-ae28-ddc9-3a191785815c@yahoo.com&#038;gt\" >2e49309d-65fb-ae28-ddc9-3a191785815c@yahoo.com&#038;gt<\/a>;\u00a0\u00bb><\/div>\n<div style=\"border:0px;font-family:Gudea, sans-serif;font-size:14px;margin:0px 0px 1.5em;outline:0px;padding:0px;vertical-align:baseline;color:rgb(64, 64, 64);background-color:rgb(254, 254, 246);\" dir=\"ltr\" data-setdir=\"false\"><img decoding=\"async\" title=\"Image en ligne\" alt=\"Image en ligne\" src=\"https:\/\/www.notredamelacouronne.fr\/news\/wp-content\/uploads\/2025\/12\/1766574306338blob.jpg\" class=\"yahoo-inline-image\" draggable=\"false\" style=\"max-width: 800px;\" data-id=\"&lt;<a href=\"mailto:9ecaeeca-829b-0d05-f52d-702ba992455a@yahoo.com&#038;gt\" >9ecaeeca-829b-0d05-f52d-702ba992455a@yahoo.com&#038;gt<\/a>;\u00a0\u00bb><br \/><span><\/span><\/div>\n<\/div>\n<\/div>\n<\/div>\n<\/div>\n<\/div>\n<\/div>\n<\/div>\n<\/div>\n<\/div>\n<\/div>\n","protected":false},"excerpt":{"rendered":"<p>En seconde p\u00e9riode, les \u00e9l\u00e8ves de CP et de CE1 se sont initi\u00e9s au judo durant 5 s\u00e9ances. Gr\u00e2ce aux conseils de Bertrand et de Fanny, les apprentis judokas ont d\u00e9couvert les rudiments de ce sport de mani\u00e8re ludique, gr\u00e2ce \u00e0 des jeux. Puis, ils ont appris des techniques de combat afin de d\u00e9stabiliser l&rsquo;adversaire &#8230;<\/p>\n<p><a href=\"https:\/\/www.notredamelacouronne.fr\/news\/2025\/12\/cycle-judo-en-cp-et-ce1\/\" class=\"more-link\">Continue reading &lsquo;Cycle Judo en CP et CE1&rsquo; &raquo;<\/a><\/p>\n","protected":false},"author":632,"featured_media":0,"comment_status":"closed","ping_status":"closed","sticky":false,"template":"","format":"standard","meta":{"footnotes":""},"categories":[2],"tags":[],"class_list":["post-8953","post","type-post","status-publish","format-standard","hentry","category-vie-des-classes"],"_links":{"self":[{"href":"https:\/\/www.notredamelacouronne.fr\/news\/wp-json\/wp\/v2\/posts\/8953","targetHints":{"allow":["GET"]}}],"collection":[{"href":"https:\/\/www.notredamelacouronne.fr\/news\/wp-json\/wp\/v2\/posts"}],"about":[{"href":"https:\/\/www.notredamelacouronne.fr\/news\/wp-json\/wp\/v2\/types\/post"}],"author":[{"embeddable":true,"href":"https:\/\/www.notredamelacouronne.fr\/news\/wp-json\/wp\/v2\/users\/632"}],"replies":[{"embeddable":true,"href":"https:\/\/www.notredamelacouronne.fr\/news\/wp-json\/wp\/v2\/comments?post=8953"}],"version-history":[{"count":1,"href":"https:\/\/www.notredamelacouronne.fr\/news\/wp-json\/wp\/v2\/posts\/8953\/revisions"}],"predecessor-version":[{"id":9016,"href":"https:\/\/www.notredamelacouronne.fr\/news\/wp-json\/wp\/v2\/posts\/8953\/revisions\/9016"}],"wp:attachment":[{"href":"https:\/\/www.notredamelacouronne.fr\/news\/wp-json\/wp\/v2\/media?parent=8953"}],"wp:term":[{"taxonomy":"category","embeddable":true,"href":"https:\/\/www.notredamelacouronne.fr\/news\/wp-json\/wp\/v2\/categories?post=8953"},{"taxonomy":"post_tag","embeddable":true,"href":"https:\/\/www.notredamelacouronne.fr\/news\/wp-json\/wp\/v2\/tags?post=8953"}],"curies":[{"name":"wp","href":"https:\/\/api.w.org\/{rel}","templated":true}]}}