{"id":8933,"date":"2025-12-21T16:38:30","date_gmt":"2025-12-21T15:38:30","guid":{"rendered":"https:\/\/www.notredamelacouronne.fr\/news\/?p=8933"},"modified":"2025-12-21T16:38:30","modified_gmt":"2025-12-21T15:38:30","slug":"celebration-de-noel-2025","status":"publish","type":"post","link":"https:\/\/www.notredamelacouronne.fr\/news\/2025\/12\/celebration-de-noel-2025\/","title":{"rendered":"C\u00e9l\u00e9bration de No\u00ebl 2025"},"content":{"rendered":"\n<p>Vendredi 19 d\u00e9cembre, notre \u00e9cole a v\u00e9cu un tr\u00e8s beau moment de partage \u00e0 l\u2019occasion de la c\u00e9l\u00e9bration de No\u00ebl, en pr\u00e9sence de l\u2019ensemble de l\u2019\u00e9quipe \u00e9ducative et du p\u00e8re Claude. Cette c\u00e9l\u00e9bration s\u2019est d\u00e9roul\u00e9e autour d\u2019un joli po\u00e8me lu par des \u00e9l\u00e8ves du CP aux CM2, mettant \u00e0 l\u2019honneur des valeurs essentielles : partage, esp\u00e9rance, amour, amiti\u00e9, respect, paix et joie.<\/p>\n\n\n\n<figure class=\"wp-block-gallery has-nested-images columns-default is-cropped wp-block-gallery-1 is-layout-flex wp-block-gallery-is-layout-flex\">\n<figure class=\"wp-block-image size-large\"><img loading=\"lazy\" decoding=\"async\" width=\"640\" height=\"480\" data-id=\"8934\" src=\"https:\/\/www.notredamelacouronne.fr\/news\/wp-content\/uploads\/2025\/12\/IMG_4521.jpg\" alt=\"\" class=\"wp-image-8934\" srcset=\"https:\/\/www.notredamelacouronne.fr\/news\/wp-content\/uploads\/2025\/12\/IMG_4521.jpg 640w, https:\/\/www.notredamelacouronne.fr\/news\/wp-content\/uploads\/2025\/12\/IMG_4521-300x225.jpg 300w\" sizes=\"auto, (max-width: 640px) 100vw, 640px\" \/><\/figure>\n\n\n\n<figure class=\"wp-block-image size-large\"><img loading=\"lazy\" decoding=\"async\" width=\"640\" height=\"480\" data-id=\"8935\" src=\"https:\/\/www.notredamelacouronne.fr\/news\/wp-content\/uploads\/2025\/12\/IMG_4522.jpg\" alt=\"\" class=\"wp-image-8935\" srcset=\"https:\/\/www.notredamelacouronne.fr\/news\/wp-content\/uploads\/2025\/12\/IMG_4522.jpg 640w, https:\/\/www.notredamelacouronne.fr\/news\/wp-content\/uploads\/2025\/12\/IMG_4522-300x225.jpg 300w\" sizes=\"auto, (max-width: 640px) 100vw, 640px\" \/><\/figure>\n<\/figure>\n\n\n\n<figure class=\"wp-block-gallery has-nested-images columns-default is-cropped wp-block-gallery-2 is-layout-flex wp-block-gallery-is-layout-flex\">\n<figure class=\"wp-block-image size-large\"><img loading=\"lazy\" decoding=\"async\" width=\"640\" height=\"480\" data-id=\"8936\" src=\"https:\/\/www.notredamelacouronne.fr\/news\/wp-content\/uploads\/2025\/12\/IMG_4523.jpg\" alt=\"\" class=\"wp-image-8936\" srcset=\"https:\/\/www.notredamelacouronne.fr\/news\/wp-content\/uploads\/2025\/12\/IMG_4523.jpg 640w, https:\/\/www.notredamelacouronne.fr\/news\/wp-content\/uploads\/2025\/12\/IMG_4523-300x225.jpg 300w\" sizes=\"auto, (max-width: 640px) 100vw, 640px\" \/><\/figure>\n<\/figure>\n\n\n\n<p>Chaque classe a particip\u00e9 en d\u00e9posant un morceau de vitrail ainsi que son c\u0153ur, symbole de l\u2019engagement de chacun \u00e0 faire vivre ces valeurs au quotidien.<\/p>\n\n\n\n<figure class=\"wp-block-gallery has-nested-images columns-default is-cropped wp-block-gallery-3 is-layout-flex wp-block-gallery-is-layout-flex\">\n<figure class=\"wp-block-image size-large\"><img loading=\"lazy\" decoding=\"async\" width=\"640\" height=\"480\" data-id=\"8937\" src=\"https:\/\/www.notredamelacouronne.fr\/news\/wp-content\/uploads\/2025\/12\/IMG_4524.jpg\" alt=\"\" class=\"wp-image-8937\" srcset=\"https:\/\/www.notredamelacouronne.fr\/news\/wp-content\/uploads\/2025\/12\/IMG_4524.jpg 640w, https:\/\/www.notredamelacouronne.fr\/news\/wp-content\/uploads\/2025\/12\/IMG_4524-300x225.jpg 300w\" sizes=\"auto, (max-width: 640px) 100vw, 640px\" \/><\/figure>\n\n\n\n<figure class=\"wp-block-image size-large\"><img loading=\"lazy\" decoding=\"async\" width=\"640\" height=\"480\" data-id=\"8938\" src=\"https:\/\/www.notredamelacouronne.fr\/news\/wp-content\/uploads\/2025\/12\/IMG_4526.jpg\" alt=\"\" class=\"wp-image-8938\" srcset=\"https:\/\/www.notredamelacouronne.fr\/news\/wp-content\/uploads\/2025\/12\/IMG_4526.jpg 640w, https:\/\/www.notredamelacouronne.fr\/news\/wp-content\/uploads\/2025\/12\/IMG_4526-300x225.jpg 300w\" sizes=\"auto, (max-width: 640px) 100vw, 640px\" \/><\/figure>\n<\/figure>\n\n\n\n<figure class=\"wp-block-gallery has-nested-images columns-default is-cropped wp-block-gallery-4 is-layout-flex wp-block-gallery-is-layout-flex\">\n<figure class=\"wp-block-image size-large\"><img loading=\"lazy\" decoding=\"async\" width=\"640\" height=\"480\" data-id=\"8939\" src=\"https:\/\/www.notredamelacouronne.fr\/news\/wp-content\/uploads\/2025\/12\/IMG_4527.jpg\" alt=\"\" class=\"wp-image-8939\" srcset=\"https:\/\/www.notredamelacouronne.fr\/news\/wp-content\/uploads\/2025\/12\/IMG_4527.jpg 640w, https:\/\/www.notredamelacouronne.fr\/news\/wp-content\/uploads\/2025\/12\/IMG_4527-300x225.jpg 300w\" sizes=\"auto, (max-width: 640px) 100vw, 640px\" \/><\/figure>\n\n\n\n<figure class=\"wp-block-image size-large\"><img loading=\"lazy\" decoding=\"async\" width=\"640\" height=\"480\" data-id=\"8940\" src=\"https:\/\/www.notredamelacouronne.fr\/news\/wp-content\/uploads\/2025\/12\/IMG_4528.jpg\" alt=\"\" class=\"wp-image-8940\" srcset=\"https:\/\/www.notredamelacouronne.fr\/news\/wp-content\/uploads\/2025\/12\/IMG_4528.jpg 640w, https:\/\/www.notredamelacouronne.fr\/news\/wp-content\/uploads\/2025\/12\/IMG_4528-300x225.jpg 300w\" sizes=\"auto, (max-width: 640px) 100vw, 640px\" \/><\/figure>\n<\/figure>\n\n\n\n<figure class=\"wp-block-gallery has-nested-images columns-default is-cropped wp-block-gallery-5 is-layout-flex wp-block-gallery-is-layout-flex\">\n<figure class=\"wp-block-image size-large\"><img loading=\"lazy\" decoding=\"async\" width=\"480\" height=\"640\" data-id=\"8941\" src=\"https:\/\/www.notredamelacouronne.fr\/news\/wp-content\/uploads\/2025\/12\/IMG_4530-rotated.jpg\" alt=\"\" class=\"wp-image-8941\" srcset=\"https:\/\/www.notredamelacouronne.fr\/news\/wp-content\/uploads\/2025\/12\/IMG_4530-rotated.jpg 480w, https:\/\/www.notredamelacouronne.fr\/news\/wp-content\/uploads\/2025\/12\/IMG_4530-225x300.jpg 225w\" sizes=\"auto, (max-width: 480px) 100vw, 480px\" \/><\/figure>\n\n\n\n<figure class=\"wp-block-image size-large\"><img loading=\"lazy\" decoding=\"async\" width=\"640\" height=\"480\" data-id=\"8942\" src=\"https:\/\/www.notredamelacouronne.fr\/news\/wp-content\/uploads\/2025\/12\/IMG_4531.jpg\" alt=\"\" class=\"wp-image-8942\" srcset=\"https:\/\/www.notredamelacouronne.fr\/news\/wp-content\/uploads\/2025\/12\/IMG_4531.jpg 640w, https:\/\/www.notredamelacouronne.fr\/news\/wp-content\/uploads\/2025\/12\/IMG_4531-300x225.jpg 300w\" sizes=\"auto, (max-width: 640px) 100vw, 640px\" \/><\/figure>\n<\/figure>\n\n\n\n<figure class=\"wp-block-gallery has-nested-images columns-default is-cropped wp-block-gallery-6 is-layout-flex wp-block-gallery-is-layout-flex\">\n<figure class=\"wp-block-image size-large\"><img loading=\"lazy\" decoding=\"async\" width=\"640\" height=\"480\" data-id=\"8943\" src=\"https:\/\/www.notredamelacouronne.fr\/news\/wp-content\/uploads\/2025\/12\/IMG_4532.jpg\" alt=\"\" class=\"wp-image-8943\" srcset=\"https:\/\/www.notredamelacouronne.fr\/news\/wp-content\/uploads\/2025\/12\/IMG_4532.jpg 640w, https:\/\/www.notredamelacouronne.fr\/news\/wp-content\/uploads\/2025\/12\/IMG_4532-300x225.jpg 300w\" sizes=\"auto, (max-width: 640px) 100vw, 640px\" \/><\/figure>\n\n\n\n<figure class=\"wp-block-image size-large\"><img loading=\"lazy\" decoding=\"async\" width=\"640\" height=\"480\" data-id=\"8944\" src=\"https:\/\/www.notredamelacouronne.fr\/news\/wp-content\/uploads\/2025\/12\/IMG_4534.jpg\" alt=\"\" class=\"wp-image-8944\" srcset=\"https:\/\/www.notredamelacouronne.fr\/news\/wp-content\/uploads\/2025\/12\/IMG_4534.jpg 640w, https:\/\/www.notredamelacouronne.fr\/news\/wp-content\/uploads\/2025\/12\/IMG_4534-300x225.jpg 300w\" sizes=\"auto, (max-width: 640px) 100vw, 640px\" \/><\/figure>\n<\/figure>\n\n\n\n<figure class=\"wp-block-gallery has-nested-images columns-default is-cropped wp-block-gallery-7 is-layout-flex wp-block-gallery-is-layout-flex\">\n<figure class=\"wp-block-image size-large\"><img loading=\"lazy\" decoding=\"async\" width=\"640\" height=\"480\" data-id=\"8946\" src=\"https:\/\/www.notredamelacouronne.fr\/news\/wp-content\/uploads\/2025\/12\/IMG_4537.jpg\" alt=\"\" class=\"wp-image-8946\" srcset=\"https:\/\/www.notredamelacouronne.fr\/news\/wp-content\/uploads\/2025\/12\/IMG_4537.jpg 640w, https:\/\/www.notredamelacouronne.fr\/news\/wp-content\/uploads\/2025\/12\/IMG_4537-300x225.jpg 300w\" sizes=\"auto, (max-width: 640px) 100vw, 640px\" \/><\/figure>\n\n\n\n<figure class=\"wp-block-image size-large\"><img loading=\"lazy\" decoding=\"async\" width=\"640\" height=\"480\" data-id=\"8948\" src=\"https:\/\/www.notredamelacouronne.fr\/news\/wp-content\/uploads\/2025\/12\/IMG_4539.jpg\" alt=\"\" class=\"wp-image-8948\" srcset=\"https:\/\/www.notredamelacouronne.fr\/news\/wp-content\/uploads\/2025\/12\/IMG_4539.jpg 640w, https:\/\/www.notredamelacouronne.fr\/news\/wp-content\/uploads\/2025\/12\/IMG_4539-300x225.jpg 300w\" sizes=\"auto, (max-width: 640px) 100vw, 640px\" \/><\/figure>\n<\/figure>\n\n\n\n<figure class=\"wp-block-gallery has-nested-images columns-default is-cropped wp-block-gallery-8 is-layout-flex wp-block-gallery-is-layout-flex\">\n<figure class=\"wp-block-image size-large\"><img loading=\"lazy\" decoding=\"async\" width=\"640\" height=\"480\" data-id=\"8947\" src=\"https:\/\/www.notredamelacouronne.fr\/news\/wp-content\/uploads\/2025\/12\/IMG_4538.jpg\" alt=\"\" class=\"wp-image-8947\" srcset=\"https:\/\/www.notredamelacouronne.fr\/news\/wp-content\/uploads\/2025\/12\/IMG_4538.jpg 640w, https:\/\/www.notredamelacouronne.fr\/news\/wp-content\/uploads\/2025\/12\/IMG_4538-300x225.jpg 300w\" sizes=\"auto, (max-width: 640px) 100vw, 640px\" \/><\/figure>\n<\/figure>\n\n\n\n<p> Les \u00e9l\u00e8ves sont repartis en fin de journ\u00e9e, avec un petit c\u0153ur sur lequel \u00e9tait inscrit <strong>\u201cOUI\u201d<\/strong>, oui \u00e0 tous les mots du po\u00e8me, ainsi qu\u2019avec la lumi\u00e8re de Bethl\u00e9em, signe d\u2019esp\u00e9rance et de paix.<\/p>\n\n\n\n<figure class=\"wp-block-gallery has-nested-images columns-default is-cropped wp-block-gallery-9 is-layout-flex wp-block-gallery-is-layout-flex\">\n<figure class=\"wp-block-image size-large\"><img loading=\"lazy\" decoding=\"async\" width=\"640\" height=\"480\" data-id=\"8950\" src=\"https:\/\/www.notredamelacouronne.fr\/news\/wp-content\/uploads\/2025\/12\/IMG_4541.jpg\" alt=\"\" class=\"wp-image-8950\" srcset=\"https:\/\/www.notredamelacouronne.fr\/news\/wp-content\/uploads\/2025\/12\/IMG_4541.jpg 640w, https:\/\/www.notredamelacouronne.fr\/news\/wp-content\/uploads\/2025\/12\/IMG_4541-300x225.jpg 300w\" sizes=\"auto, (max-width: 640px) 100vw, 640px\" \/><\/figure>\n\n\n\n<figure class=\"wp-block-image size-large\"><img loading=\"lazy\" decoding=\"async\" width=\"640\" height=\"480\" data-id=\"8951\" src=\"https:\/\/www.notredamelacouronne.fr\/news\/wp-content\/uploads\/2025\/12\/IMG_4542.jpg\" alt=\"\" class=\"wp-image-8951\" srcset=\"https:\/\/www.notredamelacouronne.fr\/news\/wp-content\/uploads\/2025\/12\/IMG_4542.jpg 640w, https:\/\/www.notredamelacouronne.fr\/news\/wp-content\/uploads\/2025\/12\/IMG_4542-300x225.jpg 300w\" sizes=\"auto, (max-width: 640px) 100vw, 640px\" \/><\/figure>\n<\/figure>\n\n\n<div class=\"wp-block-image\">\n<figure class=\"aligncenter size-full\"><img loading=\"lazy\" decoding=\"async\" width=\"640\" height=\"480\" src=\"https:\/\/www.notredamelacouronne.fr\/news\/wp-content\/uploads\/2025\/12\/IMG_4540.jpg\" alt=\"\" class=\"wp-image-8949\" srcset=\"https:\/\/www.notredamelacouronne.fr\/news\/wp-content\/uploads\/2025\/12\/IMG_4540.jpg 640w, https:\/\/www.notredamelacouronne.fr\/news\/wp-content\/uploads\/2025\/12\/IMG_4540-300x225.jpg 300w\" sizes=\"auto, (max-width: 640px) 100vw, 640px\" \/><\/figure>\n<\/div>\n\n\n<p>Un grand merci \u00e0 Nicole et Martine pour la gestion de la sonorisation, qui a contribu\u00e9 au bon d\u00e9roulement de ce beau temps de c\u00e9l\u00e9bration. Un moment simple et chaleureux qui a permis \u00e0 tous de se pr\u00e9parer \u00e0 No\u00ebl dans un esprit de fraternit\u00e9 et de joie.<\/p>\n\n\n<div class=\"wp-block-image\">\n<figure class=\"aligncenter size-full\"><img loading=\"lazy\" decoding=\"async\" width=\"480\" height=\"640\" src=\"https:\/\/www.notredamelacouronne.fr\/news\/wp-content\/uploads\/2025\/12\/IMG_4536-rotated.jpg\" alt=\"\" class=\"wp-image-8945\" srcset=\"https:\/\/www.notredamelacouronne.fr\/news\/wp-content\/uploads\/2025\/12\/IMG_4536-rotated.jpg 480w, https:\/\/www.notredamelacouronne.fr\/news\/wp-content\/uploads\/2025\/12\/IMG_4536-225x300.jpg 225w\" sizes=\"auto, (max-width: 480px) 100vw, 480px\" \/><\/figure>\n<\/div>","protected":false},"excerpt":{"rendered":"<p>Vendredi 19 d\u00e9cembre, notre \u00e9cole a v\u00e9cu un tr\u00e8s beau moment de partage \u00e0 l\u2019occasion de la c\u00e9l\u00e9bration de No\u00ebl, en pr\u00e9sence de l\u2019ensemble de l\u2019\u00e9quipe \u00e9ducative et du p\u00e8re Claude. Cette c\u00e9l\u00e9bration s\u2019est d\u00e9roul\u00e9e autour d\u2019un joli po\u00e8me lu par des \u00e9l\u00e8ves du CP aux CM2, mettant \u00e0 l\u2019honneur des valeurs essentielles : partage, &#8230;<\/p>\n<p><a href=\"https:\/\/www.notredamelacouronne.fr\/news\/2025\/12\/celebration-de-noel-2025\/\" class=\"more-link\">Continue reading &lsquo;C\u00e9l\u00e9bration de No\u00ebl 2025&rsquo; &raquo;<\/a><\/p>\n","protected":false},"author":4,"featured_media":0,"comment_status":"closed","ping_status":"closed","sticky":false,"template":"","format":"standard","meta":{"footnotes":""},"categories":[6],"tags":[],"class_list":["post-8933","post","type-post","status-publish","format-standard","hentry","category-pastorale"],"_links":{"self":[{"href":"https:\/\/www.notredamelacouronne.fr\/news\/wp-json\/wp\/v2\/posts\/8933","targetHints":{"allow":["GET"]}}],"collection":[{"href":"https:\/\/www.notredamelacouronne.fr\/news\/wp-json\/wp\/v2\/posts"}],"about":[{"href":"https:\/\/www.notredamelacouronne.fr\/news\/wp-json\/wp\/v2\/types\/post"}],"author":[{"embeddable":true,"href":"https:\/\/www.notredamelacouronne.fr\/news\/wp-json\/wp\/v2\/users\/4"}],"replies":[{"embeddable":true,"href":"https:\/\/www.notredamelacouronne.fr\/news\/wp-json\/wp\/v2\/comments?post=8933"}],"version-history":[{"count":1,"href":"https:\/\/www.notredamelacouronne.fr\/news\/wp-json\/wp\/v2\/posts\/8933\/revisions"}],"predecessor-version":[{"id":8952,"href":"https:\/\/www.notredamelacouronne.fr\/news\/wp-json\/wp\/v2\/posts\/8933\/revisions\/8952"}],"wp:attachment":[{"href":"https:\/\/www.notredamelacouronne.fr\/news\/wp-json\/wp\/v2\/media?parent=8933"}],"wp:term":[{"taxonomy":"category","embeddable":true,"href":"https:\/\/www.notredamelacouronne.fr\/news\/wp-json\/wp\/v2\/categories?post=8933"},{"taxonomy":"post_tag","embeddable":true,"href":"https:\/\/www.notredamelacouronne.fr\/news\/wp-json\/wp\/v2\/tags?post=8933"}],"curies":[{"name":"wp","href":"https:\/\/api.w.org\/{rel}","templated":true}]}}