{"id":8669,"date":"2025-07-03T14:00:07","date_gmt":"2025-07-03T14:00:07","guid":{"rendered":"https:\/\/www.notredamelacouronne.fr\/news\/?p=8669"},"modified":"2025-10-21T13:00:36","modified_gmt":"2025-10-21T12:00:36","slug":"les-exposes-des-ce1","status":"publish","type":"post","link":"https:\/\/www.notredamelacouronne.fr\/news\/2025\/07\/les-exposes-des-ce1\/","title":{"rendered":"Les expos\u00e9s des CE1"},"content":{"rendered":"<div class=\"postie-post\">\n<div>\n<div class=\"ydp927c9da7yahoo-style-wrap\" style=\"font-family:Helvetica Neue, Helvetica, Arial, sans-serif;font-size:13px;\">\n<div dir=\"ltr\" data-setdir=\"false\">Pendant les vacances de P\u00e2ques, les \u00e9l\u00e8ves de CE1 ont pr\u00e9par\u00e9 des expos\u00e9s qu&rsquo;ils ont pr\u00e9sent\u00e9s \u00e0 la classe durant la derni\u00e8re p\u00e9riode.<\/div>\n<div dir=\"ltr\" data-setdir=\"false\">Gr\u00e2ce \u00e0 ce travail, chacun a fait des recherches sur des sujets vari\u00e9s comme les animaux, les volcans, le sport, le syst\u00e8me solaire, la p\u00eache, la pr\u00e9histoire, les fleurs, les femmes c\u00e9l\u00e8bres&#8230; etc.<\/div>\n<div dir=\"ltr\" data-setdir=\"false\">Ces premiers expos\u00e9s ont permis aux enfants de s&rsquo;essayer \u00e0 la pr\u00e9sentation orale et ils ont tous appris les uns des autres.<\/div>\n<div dir=\"ltr\" data-setdir=\"false\">Bravo!<\/div>\n<div dir=\"ltr\" data-setdir=\"false\"><img decoding=\"async\" title=\"Image en ligne\" alt=\"Image en ligne\" src=\"https:\/\/www.notredamelacouronne.fr\/news\/wp-content\/uploads\/2025\/07\/1751551096772blob.png\" class=\"yahoo-inline-image\" draggable=\"false\" style=\"max-width: 800px; width: 100%;\" data-id=\"<<a href=\"mailto:5812bae5-672b-6c0c-5c29-4c0de61e271b@yahoo.com\" >5812bae5-672b-6c0c-5c29-4c0de61e271b@yahoo.com<\/a>>\u00a0\u00bb><br \/><span><\/span><\/div>\n<div dir=\"ltr\" data-setdir=\"false\"><img decoding=\"async\" title=\"Image en ligne\" alt=\"Image en ligne\" src=\"https:\/\/www.notredamelacouronne.fr\/news\/wp-content\/uploads\/2025\/07\/1751551035903blob.png\" class=\"ydp2eff186dyahoo-inline-image ydp2eff186dyahoo-loading\" style=\"max-width: 800px; width: 100%;\" data-id=\"<<a href=\"mailto:9d27e70a-01dc-2e96-a942-e0ba5ec91a5b@yahoo.com\" >9d27e70a-01dc-2e96-a942-e0ba5ec91a5b@yahoo.com<\/a>>\u00a0\u00bb><br \/><img decoding=\"async\" title=\"Image en ligne\" alt=\"Image en ligne\" src=\"https:\/\/www.notredamelacouronne.fr\/news\/wp-content\/uploads\/2025\/07\/1751551068668blob.png\" class=\"ydp4f7dad66yahoo-inline-image ydp4f7dad66yahoo-loading\" style=\"max-width: 800px; width: 100%;\" data-id=\"<<a href=\"mailto:1efc1e4c-3cb2-8a22-e0e9-92105bef5d68@yahoo.com\" >1efc1e4c-3cb2-8a22-e0e9-92105bef5d68@yahoo.com<\/a>>\u00a0\u00bb><br \/><span><\/span><span><\/span><\/div>\n<\/div>\n<\/div>\n<\/div>\n","protected":false},"excerpt":{"rendered":"<p>Pendant les vacances de P\u00e2ques, les \u00e9l\u00e8ves de CE1 ont pr\u00e9par\u00e9 des expos\u00e9s qu&rsquo;ils ont pr\u00e9sent\u00e9s \u00e0 la classe durant la derni\u00e8re p\u00e9riode. Gr\u00e2ce \u00e0 ce travail, chacun a fait des recherches sur des sujets vari\u00e9s comme les animaux, les volcans, le sport, le syst\u00e8me solaire, la p\u00eache, la pr\u00e9histoire, les fleurs, les femmes c\u00e9l\u00e8bres&#8230; &#8230;<\/p>\n<p><a href=\"https:\/\/www.notredamelacouronne.fr\/news\/2025\/07\/les-exposes-des-ce1\/\" class=\"more-link\">Continue reading &lsquo;Les expos\u00e9s des CE1&rsquo; &raquo;<\/a><\/p>\n","protected":false},"author":632,"featured_media":0,"comment_status":"closed","ping_status":"closed","sticky":false,"template":"","format":"standard","meta":{"footnotes":""},"categories":[2],"tags":[],"class_list":["post-8669","post","type-post","status-publish","format-standard","hentry","category-vie-des-classes"],"_links":{"self":[{"href":"https:\/\/www.notredamelacouronne.fr\/news\/wp-json\/wp\/v2\/posts\/8669","targetHints":{"allow":["GET"]}}],"collection":[{"href":"https:\/\/www.notredamelacouronne.fr\/news\/wp-json\/wp\/v2\/posts"}],"about":[{"href":"https:\/\/www.notredamelacouronne.fr\/news\/wp-json\/wp\/v2\/types\/post"}],"author":[{"embeddable":true,"href":"https:\/\/www.notredamelacouronne.fr\/news\/wp-json\/wp\/v2\/users\/632"}],"replies":[{"embeddable":true,"href":"https:\/\/www.notredamelacouronne.fr\/news\/wp-json\/wp\/v2\/comments?post=8669"}],"version-history":[{"count":1,"href":"https:\/\/www.notredamelacouronne.fr\/news\/wp-json\/wp\/v2\/posts\/8669\/revisions"}],"predecessor-version":[{"id":8759,"href":"https:\/\/www.notredamelacouronne.fr\/news\/wp-json\/wp\/v2\/posts\/8669\/revisions\/8759"}],"wp:attachment":[{"href":"https:\/\/www.notredamelacouronne.fr\/news\/wp-json\/wp\/v2\/media?parent=8669"}],"wp:term":[{"taxonomy":"category","embeddable":true,"href":"https:\/\/www.notredamelacouronne.fr\/news\/wp-json\/wp\/v2\/categories?post=8669"},{"taxonomy":"post_tag","embeddable":true,"href":"https:\/\/www.notredamelacouronne.fr\/news\/wp-json\/wp\/v2\/tags?post=8669"}],"curies":[{"name":"wp","href":"https:\/\/api.w.org\/{rel}","templated":true}]}}