{"id":8613,"date":"2025-06-25T20:25:46","date_gmt":"2025-06-25T20:25:46","guid":{"rendered":"https:\/\/www.notredamelacouronne.fr\/news\/?p=8613"},"modified":"2025-07-01T16:59:54","modified_gmt":"2025-07-01T15:59:54","slug":"la-sortie-des-ce1-et-des-ce2-au-parc-de-lestuaire","status":"publish","type":"post","link":"https:\/\/www.notredamelacouronne.fr\/news\/2025\/06\/la-sortie-des-ce1-et-des-ce2-au-parc-de-lestuaire\/","title":{"rendered":"LA SORTIE DES CE1 ET DES CE2 AU PARC DE L&rsquo;ESTUAIRE"},"content":{"rendered":"<div class=\"postie-post\">\n<div>\n<div class=\"ydp3667f243yahoo-style-wrap\" style=\"font-family:Helvetica Neue, Helvetica, Arial, sans-serif;font-size:13px;\">\n<div id=\"ydp3667f243yiv3345616368\">\n<div style=\"font-family:Helvetica Neue, Helvetica, Arial, sans-serif;font-size:13px;\" class=\"ydp3667f243yiv3345616368ydp9cbf7d2fyahoo-style-wrap\">\n<div dir=\"ltr\" data-setdir=\"false\">Le mardi 17 juin, les classes de CE1 et CE2 ont visit\u00e9 le Parc de l&rsquo;Estuaire \u00e0 Saint Georges de Didonne. Guid\u00e9s par des animateurs tout au long de la journ\u00e9e, les groupes ont d\u00e9couvert diff\u00e9rentes esp\u00e8ces de v\u00e9g\u00e9taux de la for\u00eat de Suzac, ainsi que diff\u00e9rentes esp\u00e8ces de poissons pr\u00e9sents dans l&rsquo;estuaire. Ensuite, les \u00e9l\u00e8ves ont pu gravir la tour de guet situ\u00e9e \u00e0 20 m\u00e8tres de haut pour admirer le paysage. Puis, ils ont re\u00e7u des explications sur le phare de Cordouan et son \u00e9volution au fil des si\u00e8cles. Et les enfants ont bien s\u00fbr pu observer la laisse de mer (coquillages, \u0153ufs de raie, d\u00e9chets &#8230;) directement sur la plage.<\/div>\n<div dir=\"ltr\" data-setdir=\"false\">\n<div>\n<div dir=\"ltr\" data-setdir=\"false\">Merci aux parents accompagnateurs, \u00e0 Hola et \u00e0 Mathilde pour leur aide lors de cette sortie.<\/div>\n<div dir=\"ltr\" data-setdir=\"false\">Ce fut une belle journ\u00e9e ensoleill\u00e9e dans un cadre paisible pour clore l&rsquo;ann\u00e9e scolaire!<\/div>\n<\/div>\n<\/div>\n<div dir=\"ltr\" data-setdir=\"false\"><\/div>\n<div dir=\"ltr\" data-setdir=\"false\"><\/div>\n<div dir=\"ltr\" data-setdir=\"false\"><img decoding=\"async\" title=\"Image en ligne\" alt=\"Image en ligne\" src=\"https:\/\/www.notredamelacouronne.fr\/news\/wp-content\/uploads\/2025\/06\/1750760270835blob-scaled.jpg\" style=\"max-width:800px;width:100%;\" class=\"ydp3667f243yiv3345616368ydp9cbf7d2fyahoo-inline-image\" data-id=\"<<a href=\"mailto:b8052fe7-bd3b-f50e-bb06-d8849495eaa2@yahoo.com\" >b8052fe7-bd3b-f50e-bb06-d8849495eaa2@yahoo.com<\/a>>\u00a0\u00bb><br \/><img decoding=\"async\" title=\"Image en ligne\" alt=\"Image en ligne\" src=\"https:\/\/www.notredamelacouronne.fr\/news\/wp-content\/uploads\/2025\/06\/1750760305069blob-scaled.jpg\" style=\"max-width:800px;width:100%;\" class=\"ydp3667f243yiv3345616368ydp9cbf7d2fyahoo-inline-image ydp3667f243yiv3345616368ydp9cbf7d2fyahoo-loading\" data-id=\"<<a href=\"mailto:b2f1c3c0-cfe8-244c-f16c-2dc708022019@yahoo.com\" >b2f1c3c0-cfe8-244c-f16c-2dc708022019@yahoo.com<\/a>>\u00a0\u00bb><br \/><span><\/span><span><\/span><img decoding=\"async\" title=\"Image en ligne\" alt=\"Image en ligne\" src=\"https:\/\/www.notredamelacouronne.fr\/news\/wp-content\/uploads\/2025\/06\/1750760373361blob-scaled.jpg\" style=\"max-width: 800px; width: 100%;\" class=\"ydp3667f243yiv3345616368yahoo-inline-image ydp3667f243yiv3345616368yahoo-loading\" data-id=\"<<a href=\"mailto:720ffa44-e9bd-0ffb-8978-6c5ee018f1d1@yahoo.com\" >720ffa44-e9bd-0ffb-8978-6c5ee018f1d1@yahoo.com<\/a>>\u00a0\u00bb><br \/><span><\/span><img decoding=\"async\" title=\"Image en ligne\" alt=\"Image en ligne\" src=\"https:\/\/www.notredamelacouronne.fr\/news\/wp-content\/uploads\/2025\/06\/1750876624934blob.png\" class=\"ydp5b7f8b25yahoo-inline-image ydp5b7f8b25yahoo-loading\" style=\"max-width: 800px; width: 100%;\" data-id=\"<<a href=\"mailto:bd4de67d-70d7-9885-02b0-300dc875bd6d@yahoo.com\" >bd4de67d-70d7-9885-02b0-300dc875bd6d@yahoo.com<\/a>>\u00a0\u00bb><br \/><img decoding=\"async\" title=\"Image en ligne\" alt=\"Image en ligne\" src=\"https:\/\/www.notredamelacouronne.fr\/news\/wp-content\/uploads\/2025\/06\/1750877056228blob.png\" class=\"ydp8315e2a7yahoo-inline-image ydp8315e2a7yahoo-loading\" style=\"max-width: 800px; width: 100%;\" data-id=\"<<a href=\"mailto:bde22117-053f-222f-9484-9a2d837e979e@yahoo.com\" >bde22117-053f-222f-9484-9a2d837e979e@yahoo.com<\/a>>\u00a0\u00bb><br \/><span><\/span><img decoding=\"async\" title=\"Image en ligne\" alt=\"Image en ligne\" src=\"https:\/\/www.notredamelacouronne.fr\/news\/wp-content\/uploads\/2025\/06\/1750876669720blob.png\" class=\"ydpf8f7d167yahoo-inline-image ydpf8f7d167yahoo-loading\" style=\"max-width: 800px; width: 100%;\" data-id=\"<<a href=\"mailto:6fe3e870-e984-87e3-e55f-eb148b547593@yahoo.com\" >6fe3e870-e984-87e3-e55f-eb148b547593@yahoo.com<\/a>>\u00a0\u00bb><img decoding=\"async\" title=\"Image en ligne\" alt=\"Image en ligne\" src=\"https:\/\/www.notredamelacouronne.fr\/news\/wp-content\/uploads\/2025\/06\/1750876865047blob.png\" class=\"ydpfef85bacyahoo-inline-image ydpfef85bacyahoo-loading\" style=\"max-width: 800px; width: 100%;\" data-id=\"<<a href=\"mailto:0e58a22d-5bc9-7688-b7f8-56a211fb0ec5@yahoo.com\" >0e58a22d-5bc9-7688-b7f8-56a211fb0ec5@yahoo.com<\/a>>\u00a0\u00bb><br \/><span><\/span><br \/><img decoding=\"async\" title=\"Image en ligne\" alt=\"Image en ligne\" src=\"https:\/\/www.notredamelacouronne.fr\/news\/wp-content\/uploads\/2025\/06\/1750876708371blob.png\" class=\"ydpb32abfaayahoo-inline-image ydpb32abfaayahoo-loading\" style=\"max-width: 800px; width: 100%;\" data-id=\"<<a href=\"mailto:535c744e-f04e-8be0-b10a-60815b3f512e@yahoo.com\" >535c744e-f04e-8be0-b10a-60815b3f512e@yahoo.com<\/a>>\u00a0\u00bb><br \/><span><\/span><span><\/span><span><\/span><\/p>\n<\/div>\n<\/div>\n<\/div>\n<\/div>\n<\/div>\n<\/div>\n","protected":false},"excerpt":{"rendered":"<p>Le mardi 17 juin, les classes de CE1 et CE2 ont visit\u00e9 le Parc de l&rsquo;Estuaire \u00e0 Saint Georges de Didonne. Guid\u00e9s par des animateurs tout au long de la journ\u00e9e, les groupes ont d\u00e9couvert diff\u00e9rentes esp\u00e8ces de v\u00e9g\u00e9taux de la for\u00eat de Suzac, ainsi que diff\u00e9rentes esp\u00e8ces de poissons pr\u00e9sents dans l&rsquo;estuaire. Ensuite, les &#8230;<\/p>\n<p><a href=\"https:\/\/www.notredamelacouronne.fr\/news\/2025\/06\/la-sortie-des-ce1-et-des-ce2-au-parc-de-lestuaire\/\" class=\"more-link\">Continue reading &lsquo;LA SORTIE DES CE1 ET DES CE2 AU PARC DE L&rsquo;ESTUAIRE&rsquo; &raquo;<\/a><\/p>\n","protected":false},"author":632,"featured_media":0,"comment_status":"closed","ping_status":"closed","sticky":false,"template":"","format":"standard","meta":{"footnotes":""},"categories":[2],"tags":[],"class_list":["post-8613","post","type-post","status-publish","format-standard","hentry","category-vie-des-classes"],"_links":{"self":[{"href":"https:\/\/www.notredamelacouronne.fr\/news\/wp-json\/wp\/v2\/posts\/8613","targetHints":{"allow":["GET"]}}],"collection":[{"href":"https:\/\/www.notredamelacouronne.fr\/news\/wp-json\/wp\/v2\/posts"}],"about":[{"href":"https:\/\/www.notredamelacouronne.fr\/news\/wp-json\/wp\/v2\/types\/post"}],"author":[{"embeddable":true,"href":"https:\/\/www.notredamelacouronne.fr\/news\/wp-json\/wp\/v2\/users\/632"}],"replies":[{"embeddable":true,"href":"https:\/\/www.notredamelacouronne.fr\/news\/wp-json\/wp\/v2\/comments?post=8613"}],"version-history":[{"count":1,"href":"https:\/\/www.notredamelacouronne.fr\/news\/wp-json\/wp\/v2\/posts\/8613\/revisions"}],"predecessor-version":[{"id":8623,"href":"https:\/\/www.notredamelacouronne.fr\/news\/wp-json\/wp\/v2\/posts\/8613\/revisions\/8623"}],"wp:attachment":[{"href":"https:\/\/www.notredamelacouronne.fr\/news\/wp-json\/wp\/v2\/media?parent=8613"}],"wp:term":[{"taxonomy":"category","embeddable":true,"href":"https:\/\/www.notredamelacouronne.fr\/news\/wp-json\/wp\/v2\/categories?post=8613"},{"taxonomy":"post_tag","embeddable":true,"href":"https:\/\/www.notredamelacouronne.fr\/news\/wp-json\/wp\/v2\/tags?post=8613"}],"curies":[{"name":"wp","href":"https:\/\/api.w.org\/{rel}","templated":true}]}}