{"id":8405,"date":"2025-02-27T18:28:19","date_gmt":"2025-02-27T18:28:19","guid":{"rendered":"https:\/\/www.notredamelacouronne.fr\/news\/?p=8405"},"modified":"2025-03-12T11:31:57","modified_gmt":"2025-03-12T10:31:57","slug":"cours-de-zumba-en-ce1","status":"publish","type":"post","link":"https:\/\/www.notredamelacouronne.fr\/news\/2025\/02\/cours-de-zumba-en-ce1\/","title":{"rendered":"Cours de ZUMBA en CE1"},"content":{"rendered":"<div class=\"postie-post\">\n<div>\n<div class=\"ydp35f150e0yahoo-style-wrap\" style=\"font-family:Helvetica Neue, Helvetica, Arial, sans-serif;font-size:13px;\">\n<div dir=\"ltr\" data-setdir=\"false\">Le cycle ZUMBA vient de s&rsquo;achever pour la classe de CE1. En janvier et f\u00e9vrier, les \u00e9l\u00e8ves ont pu se d\u00e9fouler sur les chor\u00e9graphies de Mathilde et sur des musiques \u00e0 la mode. Tant\u00f4t en classe enti\u00e8re ou en demi-groupe, ils ont aussi test\u00e9 le r\u00f4le d&rsquo;observateur. Les enfants ont appr\u00e9hend\u00e9 la danse en rythme avec la musique, la m\u00e9morisation des pas et la synchronisation. Et toujours avec le sourire!<img loading=\"lazy\" decoding=\"async\" title=\"Emoji\" alt=\"Emoji\" class=\"ydp35f150e0yahoo-emoji-wrapper\" height=\"16\" src=\"https:\/\/s.yimg.com\/nq\/yemoji_assets\/latest\/yemoji_assets\/1f600.png\" width=\"16\" style=\"padding: 0px 2px; vertical-align: middle;\" data-inlineimagemanipulating=\"true\"><\/div>\n<div dir=\"ltr\" data-setdir=\"false\"><\/div>\n<div dir=\"ltr\" data-setdir=\"false\"><img decoding=\"async\" title=\"Image en ligne\" alt=\"Image en ligne\" src=\"https:\/\/www.notredamelacouronne.fr\/news\/wp-content\/uploads\/2025\/02\/1740680779287blob.png\" class=\"ydpae45bdf0yahoo-inline-image ydpae45bdf0yahoo-loading\" style=\"max-width: 800px; width: 100%;\" data-inlineimagemanipulating=\"true\" data-id=\"<<a href=\"mailto:022ab048-afe5-07c0-f7a1-e546cdaf36a0@yahoo.com\" >022ab048-afe5-07c0-f7a1-e546cdaf36a0@yahoo.com<\/a>>\u00a0\u00bb><br \/><img decoding=\"async\" title=\"Image en ligne\" alt=\"Image en ligne\" src=\"https:\/\/www.notredamelacouronne.fr\/news\/wp-content\/uploads\/2025\/02\/1740680810725blob.png\" class=\"ydp770b644ayahoo-inline-image ydp770b644ayahoo-loading\" style=\"max-width: 800px; width: 100%;\" data-inlineimagemanipulating=\"true\" data-id=\"<<a href=\"mailto:cc0be333-dc38-12fa-5823-55449d587979@yahoo.com\" >cc0be333-dc38-12fa-5823-55449d587979@yahoo.com<\/a>>\u00a0\u00bb><br \/><img decoding=\"async\" title=\"Image en ligne\" alt=\"Image en ligne\" src=\"https:\/\/www.notredamelacouronne.fr\/news\/wp-content\/uploads\/2025\/02\/1740680845491blob.png\" class=\"ydp16302aaeyahoo-inline-image ydp16302aaeyahoo-loading\" style=\"max-width: 800px; width: 100%;\" data-id=\"<<a href=\"mailto:9299e03b-1e66-954d-81a9-010a96a2176d@yahoo.com\" >9299e03b-1e66-954d-81a9-010a96a2176d@yahoo.com<\/a>>\u00a0\u00bb><br \/><img decoding=\"async\" title=\"Image en ligne\" alt=\"Image en ligne\" src=\"https:\/\/www.notredamelacouronne.fr\/news\/wp-content\/uploads\/2025\/02\/1740680872238blob.png\" class=\"ydpa5a07618yahoo-inline-image ydpa5a07618yahoo-loading\" style=\"max-width: 800px; width: 100%;\" data-id=\"<<a href=\"mailto:28682637-761d-5312-e0b2-6f0bbc130a8d@yahoo.com\" >28682637-761d-5312-e0b2-6f0bbc130a8d@yahoo.com<\/a>>\u00a0\u00bb><br \/><img decoding=\"async\" title=\"Image en ligne\" alt=\"Image en ligne\" src=\"https:\/\/www.notredamelacouronne.fr\/news\/wp-content\/uploads\/2025\/02\/1740680898720blob.png\" class=\"yahoo-inline-image yahoo-loading\" draggable=\"false\" style=\"max-width: 800px;\" data-inlineimagemanipulating=\"true\" data-id=\"<<a href=\"mailto:193fe4e3-d5b4-f758-7a29-b78cfa31df64@yahoo.com\" >193fe4e3-d5b4-f758-7a29-b78cfa31df64@yahoo.com<\/a>>\u00a0\u00bb><br \/><span><\/span><span><\/span><span><\/span><span><\/span><span><\/span><\/div>\n<\/div>\n<\/div>\n<\/div>\n","protected":false},"excerpt":{"rendered":"<p>Le cycle ZUMBA vient de s&rsquo;achever pour la classe de CE1. En janvier et f\u00e9vrier, les \u00e9l\u00e8ves ont pu se d\u00e9fouler sur les chor\u00e9graphies de Mathilde et sur des musiques \u00e0 la mode. Tant\u00f4t en classe enti\u00e8re ou en demi-groupe, ils ont aussi test\u00e9 le r\u00f4le d&rsquo;observateur. Les enfants ont appr\u00e9hend\u00e9 la danse en rythme &#8230;<\/p>\n<p><a href=\"https:\/\/www.notredamelacouronne.fr\/news\/2025\/02\/cours-de-zumba-en-ce1\/\" class=\"more-link\">Continue reading &lsquo;Cours de ZUMBA en CE1&rsquo; &raquo;<\/a><\/p>\n","protected":false},"author":632,"featured_media":0,"comment_status":"closed","ping_status":"closed","sticky":false,"template":"","format":"standard","meta":{"footnotes":""},"categories":[2],"tags":[],"class_list":["post-8405","post","type-post","status-publish","format-standard","hentry","category-vie-des-classes"],"_links":{"self":[{"href":"https:\/\/www.notredamelacouronne.fr\/news\/wp-json\/wp\/v2\/posts\/8405","targetHints":{"allow":["GET"]}}],"collection":[{"href":"https:\/\/www.notredamelacouronne.fr\/news\/wp-json\/wp\/v2\/posts"}],"about":[{"href":"https:\/\/www.notredamelacouronne.fr\/news\/wp-json\/wp\/v2\/types\/post"}],"author":[{"embeddable":true,"href":"https:\/\/www.notredamelacouronne.fr\/news\/wp-json\/wp\/v2\/users\/632"}],"replies":[{"embeddable":true,"href":"https:\/\/www.notredamelacouronne.fr\/news\/wp-json\/wp\/v2\/comments?post=8405"}],"version-history":[{"count":1,"href":"https:\/\/www.notredamelacouronne.fr\/news\/wp-json\/wp\/v2\/posts\/8405\/revisions"}],"predecessor-version":[{"id":8412,"href":"https:\/\/www.notredamelacouronne.fr\/news\/wp-json\/wp\/v2\/posts\/8405\/revisions\/8412"}],"wp:attachment":[{"href":"https:\/\/www.notredamelacouronne.fr\/news\/wp-json\/wp\/v2\/media?parent=8405"}],"wp:term":[{"taxonomy":"category","embeddable":true,"href":"https:\/\/www.notredamelacouronne.fr\/news\/wp-json\/wp\/v2\/categories?post=8405"},{"taxonomy":"post_tag","embeddable":true,"href":"https:\/\/www.notredamelacouronne.fr\/news\/wp-json\/wp\/v2\/tags?post=8405"}],"curies":[{"name":"wp","href":"https:\/\/api.w.org\/{rel}","templated":true}]}}