{"id":8367,"date":"2025-01-02T15:36:55","date_gmt":"2025-01-02T15:36:55","guid":{"rendered":"https:\/\/www.notredamelacouronne.fr\/news\/?p=8367"},"modified":"2025-03-12T11:32:21","modified_gmt":"2025-03-12T10:32:21","slug":"celebration-de-noel","status":"publish","type":"post","link":"https:\/\/www.notredamelacouronne.fr\/news\/2025\/01\/celebration-de-noel\/","title":{"rendered":"C\u00e9l\u00e9bration de No\u00ebl"},"content":{"rendered":"<div class=\"postie-post\">\n<div>\n<div class=\"ydp9857c9dyahoo-style-wrap\" style=\"font-family:Helvetica Neue, Helvetica, Arial, sans-serif;font-size:13px;\">\n<div dir=\"ltr\" data-setdir=\"false\">\n<div dir=\"ltr\" data-setdir=\"false\">\n<div>Vendredi 20 d\u00e9cembre 2024, les \u00e9l\u00e8ves de l\u2019\u00e9cole Notre Dame avec l\u2019ensemble de la communaut\u00e9 \u00e9ducative se sont rassembl\u00e9s \u00e0 l&rsquo;\u00e9glise pour c\u00e9l\u00e9brer No\u00ebl.<\/div>\n<\/div>\n<div dir=\"ltr\" data-setdir=\"false\"><\/div>\n<div dir=\"ltr\" data-setdir=\"false\"><img decoding=\"async\" title=\"Image en ligne\" alt=\"Image en ligne\" src=\"https:\/\/www.notredamelacouronne.fr\/news\/wp-content\/uploads\/2025\/01\/1735830681786blob.png\" class=\"ydp9857c9dyahoo-inline-image\" style=\"max-width: 400px; width: 50%;\" data-id=\"<<a href=\"mailto:f70cfd86-b637-3f1e-5335-af256428d78a@yahoo.com\" >f70cfd86-b637-3f1e-5335-af256428d78a@yahoo.com<\/a>>\u00a0\u00bb><\/div>\n<div dir=\"ltr\" data-setdir=\"false\"><img decoding=\"async\" title=\"Image en ligne\" alt=\"Image en ligne\" src=\"https:\/\/www.notredamelacouronne.fr\/news\/wp-content\/uploads\/2025\/01\/1735830718228blob.png\" class=\"ydp9857c9dyahoo-inline-image\" style=\"max-width: 400px; width: 100%;\" data-id=\"<<a href=\"mailto:4ef35a81-147e-4478-cc86-9a4eb27f7b46@yahoo.com\" >4ef35a81-147e-4478-cc86-9a4eb27f7b46@yahoo.com<\/a>>\u00a0\u00bb>&nbsp;<\/div>\n<div dir=\"ltr\" data-setdir=\"false\"><img decoding=\"async\" title=\"Image en ligne\" alt=\"Image en ligne\" src=\"https:\/\/www.notredamelacouronne.fr\/news\/wp-content\/uploads\/2025\/01\/1735830744674blob.png\" class=\"ydp9857c9dyahoo-inline-image\" style=\"max-width: 400px; width: 100%;\" data-id=\"<<a href=\"mailto:a7412518-f5aa-a3e2-268a-9116741824ae@yahoo.com\" >a7412518-f5aa-a3e2-268a-9116741824ae@yahoo.com<\/a>>\u00a0\u00bb><\/div>\n<div dir=\"ltr\" data-setdir=\"false\"><\/div>\n<div dir=\"ltr\" data-setdir=\"false\">\n<div>\n<div style=\"color: rgb(0, 0, 0); font-family: Helvetica Neue, Helvetica, Arial, sans-serif;\">La c\u00e9r\u00e9monie, empreinte de joie et de r\u00e9flexion s\u2019est d\u00e9roul\u00e9e autour d\u2019un conte touchant et porteur de sens : \u201cLes Graines\u201d.&nbsp;<\/div>\n<div style=\"color: rgb(0, 0, 0); font-family: Helvetica Neue, Helvetica, Arial, sans-serif;\">\u00c0 travers une belle mise en sc\u00e8ne, les \u00e9l\u00e8ves ont racont\u00e9 l\u2019histoire d\u2019un ange qui offre des graines sp\u00e9ciales symbolisant des valeurs essentielles : l\u2019amiti\u00e9, la joie, la paix, l\u2019amour, le partage, le respect, l\u2019esp\u00e9rance et l\u2019\u00e9coute.<\/div>\n<\/div>\n<p><\/div>\n<div dir=\"ltr\" data-setdir=\"false\"><img decoding=\"async\" title=\"Image en ligne\" alt=\"Image en ligne\" src=\"https:\/\/www.notredamelacouronne.fr\/news\/wp-content\/uploads\/2025\/01\/1735830886969blob.png\" class=\"ydp9857c9dyahoo-inline-image\" style=\"max-width: 400px; width: 100%;\" data-id=\"<<a href=\"mailto:50c995fb-b9d9-3fc7-b6db-d0f6f9c17c46@yahoo.com\" >50c995fb-b9d9-3fc7-b6db-d0f6f9c17c46@yahoo.com<\/a>>\u00a0\u00bb><\/div>\n<div dir=\"ltr\" data-setdir=\"false\"><span><\/span><img decoding=\"async\" title=\"Image en ligne\" alt=\"Image en ligne\" src=\"https:\/\/www.notredamelacouronne.fr\/news\/wp-content\/uploads\/2025\/01\/1735830958796blob.png\" class=\"ydp9857c9dyahoo-inline-image\" style=\"max-width: 400px; width: 50%;\" data-id=\"<<a href=\"mailto:a9f0b647-d911-b79f-d51c-3baa26a20320@yahoo.com\" >a9f0b647-d911-b79f-d51c-3baa26a20320@yahoo.com<\/a>>\u00a0\u00bb><br \/><span><\/span><img decoding=\"async\" title=\"Image en ligne\" alt=\"Image en ligne\" src=\"https:\/\/www.notredamelacouronne.fr\/news\/wp-content\/uploads\/2025\/01\/1735831048406blob.png\" class=\"ydp9857c9dyahoo-inline-image\" style=\"max-width: 400px; width: 100%;\" data-inlineimagemanipulating=\"true\" data-id=\"<<a href=\"mailto:baff7c3c-dab5-a1a1-fb64-b6522f8b1c55@yahoo.com\" >baff7c3c-dab5-a1a1-fb64-b6522f8b1c55@yahoo.com<\/a>>\u00a0\u00bb><br \/><span><\/span><img decoding=\"async\" title=\"Image en ligne\" alt=\"Image en ligne\" src=\"https:\/\/www.notredamelacouronne.fr\/news\/wp-content\/uploads\/2025\/01\/1735831102620blob.png\" class=\"ydp9857c9dyahoo-inline-image\" style=\"max-width: 400px; width: 50%;\" data-id=\"<<a href=\"mailto:690d73dc-13ce-89ff-4457-01899069f4d9@yahoo.com\" >690d73dc-13ce-89ff-4457-01899069f4d9@yahoo.com<\/a>>\u00a0\u00bb><br \/><span><\/span><\/p>\n<div>\n<div>Le chant \u201cS\u00e8me, s\u00e8me dans ton coeur\u201d a rythm\u00e9 la c\u00e9l\u00e9bration, rappelant \u00e0 tous que No\u00ebl est un moment pour cultiver ces graines dans nos vies et dans le monde. Chaque classe a re\u00e7u un petit sac de graines symboliques, comme un engagement \u00e0 semer l\u2019espoir autour de soi.<\/div>\n<\/div>\n<p><img decoding=\"async\" title=\"Image en ligne\" alt=\"Image en ligne\" src=\"https:\/\/www.notredamelacouronne.fr\/news\/wp-content\/uploads\/2025\/01\/1735831579701blob.png\" class=\"ydp9857c9dyahoo-inline-image\" style=\"max-width: 400px; width: 100%;\" data-id=\"<<a href=\"mailto:4c979131-9587-5d95-6db7-37b4f3a84784@yahoo.com\" >4c979131-9587-5d95-6db7-37b4f3a84784@yahoo.com<\/a>>\u00a0\u00bb><\/div>\n<div dir=\"ltr\" data-setdir=\"false\"><img decoding=\"async\" title=\"Image en ligne\" alt=\"Image en ligne\" src=\"https:\/\/www.notredamelacouronne.fr\/news\/wp-content\/uploads\/2025\/01\/1735831645260blob.png\" class=\"ydp9857c9dyahoo-inline-image\" style=\"max-width: 400px; width: 100%;\" data-id=\"<<a href=\"mailto:ea7470ad-702c-71d0-32ad-5142c1ac3a41@yahoo.com\" >ea7470ad-702c-71d0-32ad-5142c1ac3a41@yahoo.com<\/a>>\u00a0\u00bb><br \/><span><\/span>&nbsp; &nbsp; &nbsp; &nbsp; &nbsp; &nbsp; &nbsp; &nbsp; &nbsp; &nbsp;<b> &nbsp;\u00ab\u00a0S\u00e8me, s\u00e8me dans ton coeur&#8230;\u00a0\u00bb<\/b><br \/><span><\/span><br \/><span><\/span><\/div>\n<\/div>\n<\/div>\n<\/div>\n<\/div>\n","protected":false},"excerpt":{"rendered":"<p>Vendredi 20 d\u00e9cembre 2024, les \u00e9l\u00e8ves de l\u2019\u00e9cole Notre Dame avec l\u2019ensemble de la communaut\u00e9 \u00e9ducative se sont rassembl\u00e9s \u00e0 l&rsquo;\u00e9glise pour c\u00e9l\u00e9brer No\u00ebl. &nbsp;<\/p>\n","protected":false},"author":40,"featured_media":0,"comment_status":"closed","ping_status":"closed","sticky":false,"template":"","format":"standard","meta":{"footnotes":""},"categories":[6],"tags":[],"class_list":["post-8367","post","type-post","status-publish","format-standard","hentry","category-pastorale"],"_links":{"self":[{"href":"https:\/\/www.notredamelacouronne.fr\/news\/wp-json\/wp\/v2\/posts\/8367","targetHints":{"allow":["GET"]}}],"collection":[{"href":"https:\/\/www.notredamelacouronne.fr\/news\/wp-json\/wp\/v2\/posts"}],"about":[{"href":"https:\/\/www.notredamelacouronne.fr\/news\/wp-json\/wp\/v2\/types\/post"}],"author":[{"embeddable":true,"href":"https:\/\/www.notredamelacouronne.fr\/news\/wp-json\/wp\/v2\/users\/40"}],"replies":[{"embeddable":true,"href":"https:\/\/www.notredamelacouronne.fr\/news\/wp-json\/wp\/v2\/comments?post=8367"}],"version-history":[{"count":1,"href":"https:\/\/www.notredamelacouronne.fr\/news\/wp-json\/wp\/v2\/posts\/8367\/revisions"}],"predecessor-version":[{"id":8413,"href":"https:\/\/www.notredamelacouronne.fr\/news\/wp-json\/wp\/v2\/posts\/8367\/revisions\/8413"}],"wp:attachment":[{"href":"https:\/\/www.notredamelacouronne.fr\/news\/wp-json\/wp\/v2\/media?parent=8367"}],"wp:term":[{"taxonomy":"category","embeddable":true,"href":"https:\/\/www.notredamelacouronne.fr\/news\/wp-json\/wp\/v2\/categories?post=8367"},{"taxonomy":"post_tag","embeddable":true,"href":"https:\/\/www.notredamelacouronne.fr\/news\/wp-json\/wp\/v2\/tags?post=8367"}],"curies":[{"name":"wp","href":"https:\/\/api.w.org\/{rel}","templated":true}]}}