{"id":8356,"date":"2024-12-18T18:55:39","date_gmt":"2024-12-18T17:55:39","guid":{"rendered":"https:\/\/www.notredamelacouronne.fr\/news\/?p=8356"},"modified":"2024-12-18T18:55:39","modified_gmt":"2024-12-18T17:55:39","slug":"partir-a-la-decouverte-de-leglise","status":"publish","type":"post","link":"https:\/\/www.notredamelacouronne.fr\/news\/2024\/12\/partir-a-la-decouverte-de-leglise\/","title":{"rendered":"Partir \u00e0 la d\u00e9couverte de l&rsquo;\u00e9glise"},"content":{"rendered":"\n<p>Une petite visite guid\u00e9e a \u00e9t\u00e9 organis\u00e9e de la maternelle au CP par Nicole et Martine.<\/p>\n\n\n<div class=\"wp-block-image\">\n<figure class=\"aligncenter size-full\"><img loading=\"lazy\" decoding=\"async\" width=\"480\" height=\"640\" src=\"https:\/\/www.notredamelacouronne.fr\/news\/wp-content\/uploads\/2024\/12\/IMG_1542-rotated.jpg\" alt=\"\" class=\"wp-image-8357\" srcset=\"https:\/\/www.notredamelacouronne.fr\/news\/wp-content\/uploads\/2024\/12\/IMG_1542-rotated.jpg 480w, https:\/\/www.notredamelacouronne.fr\/news\/wp-content\/uploads\/2024\/12\/IMG_1542-225x300.jpg 225w\" sizes=\"auto, (max-width: 480px) 100vw, 480px\" \/><\/figure>\n<\/div>\n\n\n<p>Les CP ont pu ainsi observer la belle fa\u00e7ade de l&rsquo;\u00e9glise Saint Jean-Baptiste et sa grande porte d&rsquo;entr\u00e9e ; ils ont d\u00e9couvert les diff\u00e9rents lieux et objets sacr\u00e9s comme le baptist\u00e8re, le pupitre de lecture, le Tabernacle, les vitraux, les statues.<\/p>\n\n\n<div class=\"wp-block-image\">\n<figure class=\"aligncenter size-full is-resized\"><img loading=\"lazy\" decoding=\"async\" width=\"640\" height=\"480\" src=\"https:\/\/www.notredamelacouronne.fr\/news\/wp-content\/uploads\/2024\/12\/IMG_1543-1.jpg\" alt=\"\" class=\"wp-image-8359\" style=\"width:491px;height:auto\" srcset=\"https:\/\/www.notredamelacouronne.fr\/news\/wp-content\/uploads\/2024\/12\/IMG_1543-1.jpg 640w, https:\/\/www.notredamelacouronne.fr\/news\/wp-content\/uploads\/2024\/12\/IMG_1543-1-300x225.jpg 300w\" sizes=\"auto, (max-width: 640px) 100vw, 640px\" \/><\/figure>\n<\/div>\n\n\n<p>En entrant dans la maison de Dieu, les enfants ont dit bonjour au Seigneur en s&rsquo;inclinant face \u00e0 l&rsquo;Autel.<\/p>\n\n\n\n<figure class=\"wp-block-gallery has-nested-images columns-default is-cropped wp-block-gallery-1 is-layout-flex wp-block-gallery-is-layout-flex\">\n<figure class=\"wp-block-image size-large\"><img loading=\"lazy\" decoding=\"async\" width=\"640\" height=\"480\" data-id=\"8361\" src=\"https:\/\/www.notredamelacouronne.fr\/news\/wp-content\/uploads\/2024\/12\/IMG_1544.jpg\" alt=\"\" class=\"wp-image-8361\" srcset=\"https:\/\/www.notredamelacouronne.fr\/news\/wp-content\/uploads\/2024\/12\/IMG_1544.jpg 640w, https:\/\/www.notredamelacouronne.fr\/news\/wp-content\/uploads\/2024\/12\/IMG_1544-300x225.jpg 300w\" sizes=\"auto, (max-width: 640px) 100vw, 640px\" \/><\/figure>\n\n\n\n<figure class=\"wp-block-image size-large\"><img loading=\"lazy\" decoding=\"async\" width=\"640\" height=\"480\" data-id=\"8360\" src=\"https:\/\/www.notredamelacouronne.fr\/news\/wp-content\/uploads\/2024\/12\/IMG_1546.jpg\" alt=\"\" class=\"wp-image-8360\" srcset=\"https:\/\/www.notredamelacouronne.fr\/news\/wp-content\/uploads\/2024\/12\/IMG_1546.jpg 640w, https:\/\/www.notredamelacouronne.fr\/news\/wp-content\/uploads\/2024\/12\/IMG_1546-300x225.jpg 300w\" sizes=\"auto, (max-width: 640px) 100vw, 640px\" \/><\/figure>\n<\/figure>\n\n\n\n<p>Ils ont pris un temps pour prier et chanter. La visite s&rsquo;est termin\u00e9e devant la cr\u00e8che qui se pr\u00e9pare \u00e0 recevoir J\u00e9sus.<\/p>\n\n\n\n<figure class=\"wp-block-gallery has-nested-images columns-default is-cropped wp-block-gallery-2 is-layout-flex wp-block-gallery-is-layout-flex\">\n<figure class=\"wp-block-image size-large\"><img loading=\"lazy\" decoding=\"async\" width=\"640\" height=\"480\" data-id=\"8362\" src=\"https:\/\/www.notredamelacouronne.fr\/news\/wp-content\/uploads\/2024\/12\/IMG_1547.jpg\" alt=\"\" class=\"wp-image-8362\" srcset=\"https:\/\/www.notredamelacouronne.fr\/news\/wp-content\/uploads\/2024\/12\/IMG_1547.jpg 640w, https:\/\/www.notredamelacouronne.fr\/news\/wp-content\/uploads\/2024\/12\/IMG_1547-300x225.jpg 300w\" sizes=\"auto, (max-width: 640px) 100vw, 640px\" \/><\/figure>\n\n\n\n<figure class=\"wp-block-image size-large\"><img loading=\"lazy\" decoding=\"async\" width=\"640\" height=\"480\" data-id=\"8363\" src=\"https:\/\/www.notredamelacouronne.fr\/news\/wp-content\/uploads\/2024\/12\/IMG_1548.jpg\" alt=\"\" class=\"wp-image-8363\" srcset=\"https:\/\/www.notredamelacouronne.fr\/news\/wp-content\/uploads\/2024\/12\/IMG_1548.jpg 640w, https:\/\/www.notredamelacouronne.fr\/news\/wp-content\/uploads\/2024\/12\/IMG_1548-300x225.jpg 300w\" sizes=\"auto, (max-width: 640px) 100vw, 640px\" \/><\/figure>\n<\/figure>\n\n\n\n<p>Les CP vont pouvoir admirer de nouveau tout cela durant le temps de c\u00e9l\u00e9bration avec toute l&rsquo;\u00e9cole, vendredi 20 d\u00e9cembre \u00e0 9h30.<\/p>\n","protected":false},"excerpt":{"rendered":"<p>Une petite visite guid\u00e9e a \u00e9t\u00e9 organis\u00e9e de la maternelle au CP par Nicole et Martine. Les CP ont pu ainsi observer la belle fa\u00e7ade de l&rsquo;\u00e9glise Saint Jean-Baptiste et sa grande porte d&rsquo;entr\u00e9e ; ils ont d\u00e9couvert les diff\u00e9rents lieux et objets sacr\u00e9s comme le baptist\u00e8re, le pupitre de lecture, le Tabernacle, les vitraux, &#8230;<\/p>\n<p><a href=\"https:\/\/www.notredamelacouronne.fr\/news\/2024\/12\/partir-a-la-decouverte-de-leglise\/\" class=\"more-link\">Continue reading &lsquo;Partir \u00e0 la d\u00e9couverte de l&rsquo;\u00e9glise&rsquo; &raquo;<\/a><\/p>\n","protected":false},"author":4,"featured_media":0,"comment_status":"closed","ping_status":"closed","sticky":false,"template":"","format":"standard","meta":{"footnotes":""},"categories":[6],"tags":[],"class_list":["post-8356","post","type-post","status-publish","format-standard","hentry","category-pastorale"],"_links":{"self":[{"href":"https:\/\/www.notredamelacouronne.fr\/news\/wp-json\/wp\/v2\/posts\/8356","targetHints":{"allow":["GET"]}}],"collection":[{"href":"https:\/\/www.notredamelacouronne.fr\/news\/wp-json\/wp\/v2\/posts"}],"about":[{"href":"https:\/\/www.notredamelacouronne.fr\/news\/wp-json\/wp\/v2\/types\/post"}],"author":[{"embeddable":true,"href":"https:\/\/www.notredamelacouronne.fr\/news\/wp-json\/wp\/v2\/users\/4"}],"replies":[{"embeddable":true,"href":"https:\/\/www.notredamelacouronne.fr\/news\/wp-json\/wp\/v2\/comments?post=8356"}],"version-history":[{"count":1,"href":"https:\/\/www.notredamelacouronne.fr\/news\/wp-json\/wp\/v2\/posts\/8356\/revisions"}],"predecessor-version":[{"id":8364,"href":"https:\/\/www.notredamelacouronne.fr\/news\/wp-json\/wp\/v2\/posts\/8356\/revisions\/8364"}],"wp:attachment":[{"href":"https:\/\/www.notredamelacouronne.fr\/news\/wp-json\/wp\/v2\/media?parent=8356"}],"wp:term":[{"taxonomy":"category","embeddable":true,"href":"https:\/\/www.notredamelacouronne.fr\/news\/wp-json\/wp\/v2\/categories?post=8356"},{"taxonomy":"post_tag","embeddable":true,"href":"https:\/\/www.notredamelacouronne.fr\/news\/wp-json\/wp\/v2\/tags?post=8356"}],"curies":[{"name":"wp","href":"https:\/\/api.w.org\/{rel}","templated":true}]}}