{"id":8337,"date":"2024-12-14T11:32:37","date_gmt":"2024-12-14T10:32:37","guid":{"rendered":"https:\/\/www.notredamelacouronne.fr\/news\/?p=8337"},"modified":"2024-12-15T09:54:11","modified_gmt":"2024-12-15T08:54:11","slug":"nettoyage-dautomne","status":"publish","type":"post","link":"https:\/\/www.notredamelacouronne.fr\/news\/2024\/12\/nettoyage-dautomne\/","title":{"rendered":"Nettoyage d&rsquo;automne !"},"content":{"rendered":"\n<p>Apr\u00e8s avoir pris les couleurs d&rsquo;Halloween, le jardin p\u00e9dagogique a rev\u00eatu sa tenue pour les f\u00eates de fin d&rsquo;ann\u00e9e.<\/p>\n\n\n\n<figure class=\"wp-block-gallery has-nested-images columns-default is-cropped wp-block-gallery-1 is-layout-flex wp-block-gallery-is-layout-flex\">\n<figure class=\"wp-block-image size-large\"><img loading=\"lazy\" decoding=\"async\" width=\"640\" height=\"480\" data-id=\"8349\" src=\"https:\/\/www.notredamelacouronne.fr\/news\/wp-content\/uploads\/2024\/12\/image10.jpeg\" alt=\"\" class=\"wp-image-8349\" srcset=\"https:\/\/www.notredamelacouronne.fr\/news\/wp-content\/uploads\/2024\/12\/image10.jpeg 640w, https:\/\/www.notredamelacouronne.fr\/news\/wp-content\/uploads\/2024\/12\/image10-300x225.jpeg 300w\" sizes=\"auto, (max-width: 640px) 100vw, 640px\" \/><\/figure>\n\n\n\n<figure class=\"wp-block-image size-large\"><img loading=\"lazy\" decoding=\"async\" width=\"640\" height=\"480\" data-id=\"8344\" src=\"https:\/\/www.notredamelacouronne.fr\/news\/wp-content\/uploads\/2024\/12\/image5-3.jpeg\" alt=\"\" class=\"wp-image-8344\" srcset=\"https:\/\/www.notredamelacouronne.fr\/news\/wp-content\/uploads\/2024\/12\/image5-3.jpeg 640w, https:\/\/www.notredamelacouronne.fr\/news\/wp-content\/uploads\/2024\/12\/image5-3-300x225.jpeg 300w\" sizes=\"auto, (max-width: 640px) 100vw, 640px\" \/><\/figure>\n<\/figure>\n\n\n<div class=\"wp-block-image\">\n<figure class=\"aligncenter size-full is-resized\"><img loading=\"lazy\" decoding=\"async\" width=\"480\" height=\"640\" src=\"https:\/\/www.notredamelacouronne.fr\/news\/wp-content\/uploads\/2024\/12\/image3-3-rotated.jpeg\" alt=\"\" class=\"wp-image-8342\" style=\"width:244px;height:auto\" srcset=\"https:\/\/www.notredamelacouronne.fr\/news\/wp-content\/uploads\/2024\/12\/image3-3-rotated.jpeg 480w, https:\/\/www.notredamelacouronne.fr\/news\/wp-content\/uploads\/2024\/12\/image3-3-225x300.jpeg 225w\" sizes=\"auto, (max-width: 480px) 100vw, 480px\" \/><\/figure>\n<\/div>\n\n\n<p>Les \u00e9l\u00e8ves de la classe de CP ont tout d&rsquo;abord entam\u00e9 le d\u00e9sherbage avec leurs petites mains, mais l&rsquo;aide de deux papas a \u00e9t\u00e9 indispensable pour faire \u00ab\u00a0peau neuve\u00a0\u00bb dans les diff\u00e9rents bacs. Merci encore \u00e0 eux !<\/p>\n\n\n\n<p>Ensuite, les CP ont plant\u00e9 des bruy\u00e8res de couleurs d&rsquo;Halloween et des bulbes de printemps.<\/p>\n\n\n<div class=\"wp-block-image\">\n<figure class=\"aligncenter size-full\"><img loading=\"lazy\" decoding=\"async\" width=\"640\" height=\"480\" src=\"https:\/\/www.notredamelacouronne.fr\/news\/wp-content\/uploads\/2024\/12\/image7-2.jpeg\" alt=\"\" class=\"wp-image-8346\" srcset=\"https:\/\/www.notredamelacouronne.fr\/news\/wp-content\/uploads\/2024\/12\/image7-2.jpeg 640w, https:\/\/www.notredamelacouronne.fr\/news\/wp-content\/uploads\/2024\/12\/image7-2-300x225.jpeg 300w\" sizes=\"auto, (max-width: 640px) 100vw, 640px\" \/><\/figure>\n<\/div>\n\n\n<figure class=\"wp-block-gallery has-nested-images columns-default is-cropped wp-block-gallery-2 is-layout-flex wp-block-gallery-is-layout-flex\">\n<figure class=\"wp-block-image size-large\"><img loading=\"lazy\" decoding=\"async\" width=\"640\" height=\"480\" data-id=\"8348\" src=\"https:\/\/www.notredamelacouronne.fr\/news\/wp-content\/uploads\/2024\/12\/image9.jpeg\" alt=\"\" class=\"wp-image-8348\" srcset=\"https:\/\/www.notredamelacouronne.fr\/news\/wp-content\/uploads\/2024\/12\/image9.jpeg 640w, https:\/\/www.notredamelacouronne.fr\/news\/wp-content\/uploads\/2024\/12\/image9-300x225.jpeg 300w\" sizes=\"auto, (max-width: 640px) 100vw, 640px\" \/><\/figure>\n\n\n\n<figure class=\"wp-block-image size-large\"><img loading=\"lazy\" decoding=\"async\" width=\"640\" height=\"480\" data-id=\"8347\" src=\"https:\/\/www.notredamelacouronne.fr\/news\/wp-content\/uploads\/2024\/12\/image8.jpeg\" alt=\"\" class=\"wp-image-8347\" srcset=\"https:\/\/www.notredamelacouronne.fr\/news\/wp-content\/uploads\/2024\/12\/image8.jpeg 640w, https:\/\/www.notredamelacouronne.fr\/news\/wp-content\/uploads\/2024\/12\/image8-300x225.jpeg 300w\" sizes=\"auto, (max-width: 640px) 100vw, 640px\" \/><\/figure>\n<\/figure>\n\n\n\n<figure class=\"wp-block-gallery has-nested-images columns-default is-cropped wp-block-gallery-3 is-layout-flex wp-block-gallery-is-layout-flex\">\n<figure class=\"wp-block-image size-large\"><img loading=\"lazy\" decoding=\"async\" width=\"640\" height=\"480\" data-id=\"8345\" src=\"https:\/\/www.notredamelacouronne.fr\/news\/wp-content\/uploads\/2024\/12\/image6-2.jpeg\" alt=\"\" class=\"wp-image-8345\" srcset=\"https:\/\/www.notredamelacouronne.fr\/news\/wp-content\/uploads\/2024\/12\/image6-2.jpeg 640w, https:\/\/www.notredamelacouronne.fr\/news\/wp-content\/uploads\/2024\/12\/image6-2-300x225.jpeg 300w\" sizes=\"auto, (max-width: 640px) 100vw, 640px\" \/><\/figure>\n\n\n\n<figure class=\"wp-block-image size-large\"><img loading=\"lazy\" decoding=\"async\" width=\"480\" height=\"640\" data-id=\"8343\" src=\"https:\/\/www.notredamelacouronne.fr\/news\/wp-content\/uploads\/2024\/12\/image4-3-rotated.jpeg\" alt=\"\" class=\"wp-image-8343\" srcset=\"https:\/\/www.notredamelacouronne.fr\/news\/wp-content\/uploads\/2024\/12\/image4-3-rotated.jpeg 480w, https:\/\/www.notredamelacouronne.fr\/news\/wp-content\/uploads\/2024\/12\/image4-3-225x300.jpeg 225w\" sizes=\"auto, (max-width: 480px) 100vw, 480px\" \/><\/figure>\n<\/figure>\n\n\n<div class=\"wp-block-image\">\n<figure class=\"aligncenter size-full is-resized\"><img loading=\"lazy\" decoding=\"async\" width=\"480\" height=\"640\" src=\"https:\/\/www.notredamelacouronne.fr\/news\/wp-content\/uploads\/2024\/12\/image2-3-rotated.jpeg\" alt=\"\" class=\"wp-image-8341\" style=\"width:236px;height:auto\" srcset=\"https:\/\/www.notredamelacouronne.fr\/news\/wp-content\/uploads\/2024\/12\/image2-3-rotated.jpeg 480w, https:\/\/www.notredamelacouronne.fr\/news\/wp-content\/uploads\/2024\/12\/image2-3-225x300.jpeg 225w\" sizes=\"auto, (max-width: 480px) 100vw, 480px\" \/><\/figure>\n<\/div>\n\n\n<p>Ils ont \u00e9galement refait les limites des plantations \u00e0 l&rsquo;aide de gros cailloux.<\/p>\n\n\n<div class=\"wp-block-image\">\n<figure class=\"aligncenter size-full\"><img loading=\"lazy\" decoding=\"async\" width=\"640\" height=\"480\" src=\"https:\/\/www.notredamelacouronne.fr\/news\/wp-content\/uploads\/2024\/12\/IMG_1497.jpg\" alt=\"\" class=\"wp-image-8351\" srcset=\"https:\/\/www.notredamelacouronne.fr\/news\/wp-content\/uploads\/2024\/12\/IMG_1497.jpg 640w, https:\/\/www.notredamelacouronne.fr\/news\/wp-content\/uploads\/2024\/12\/IMG_1497-300x225.jpg 300w\" sizes=\"auto, (max-width: 640px) 100vw, 640px\" \/><\/figure>\n<\/div>\n\n\n<p>Enfin, ils ont finalis\u00e9 l&rsquo;activit\u00e9 \u00ab\u00a0jardinage\u00a0\u00bb avec des d\u00e9corations de No\u00ebl pour ce mois de d\u00e9cembre. Merci \u00e0 l&rsquo;APEL pour sa participation.<\/p>\n\n\n<div class=\"wp-block-image\">\n<figure class=\"aligncenter size-full\"><img loading=\"lazy\" decoding=\"async\" width=\"640\" height=\"480\" src=\"https:\/\/www.notredamelacouronne.fr\/news\/wp-content\/uploads\/2024\/12\/IMG_1496.jpg\" alt=\"\" class=\"wp-image-8350\" srcset=\"https:\/\/www.notredamelacouronne.fr\/news\/wp-content\/uploads\/2024\/12\/IMG_1496.jpg 640w, https:\/\/www.notredamelacouronne.fr\/news\/wp-content\/uploads\/2024\/12\/IMG_1496-300x225.jpg 300w\" sizes=\"auto, (max-width: 640px) 100vw, 640px\" \/><\/figure>\n<\/div>\n\n\n<p>Bravo les CP ! En attente d\u00e9sormais de la floraison des premiers bulbes.<\/p>\n\n\n\n<p>Visite libre possible tous les jours \u00e0 16h30.<\/p>\n\n\n\n<p><\/p>\n","protected":false},"excerpt":{"rendered":"<p>Apr\u00e8s avoir pris les couleurs d&rsquo;Halloween, le jardin p\u00e9dagogique a rev\u00eatu sa tenue pour les f\u00eates de fin d&rsquo;ann\u00e9e. Les \u00e9l\u00e8ves de la classe de CP ont tout d&rsquo;abord entam\u00e9 le d\u00e9sherbage avec leurs petites mains, mais l&rsquo;aide de deux papas a \u00e9t\u00e9 indispensable pour faire \u00ab\u00a0peau neuve\u00a0\u00bb dans les diff\u00e9rents bacs. Merci encore \u00e0 &#8230;<\/p>\n<p><a href=\"https:\/\/www.notredamelacouronne.fr\/news\/2024\/12\/nettoyage-dautomne\/\" class=\"more-link\">Continue reading &lsquo;Nettoyage d&rsquo;automne !&rsquo; &raquo;<\/a><\/p>\n","protected":false},"author":4,"featured_media":0,"comment_status":"closed","ping_status":"closed","sticky":false,"template":"","format":"standard","meta":{"footnotes":""},"categories":[7,2],"tags":[],"class_list":["post-8337","post","type-post","status-publish","format-standard","hentry","category-animations-apel","category-vie-des-classes"],"_links":{"self":[{"href":"https:\/\/www.notredamelacouronne.fr\/news\/wp-json\/wp\/v2\/posts\/8337","targetHints":{"allow":["GET"]}}],"collection":[{"href":"https:\/\/www.notredamelacouronne.fr\/news\/wp-json\/wp\/v2\/posts"}],"about":[{"href":"https:\/\/www.notredamelacouronne.fr\/news\/wp-json\/wp\/v2\/types\/post"}],"author":[{"embeddable":true,"href":"https:\/\/www.notredamelacouronne.fr\/news\/wp-json\/wp\/v2\/users\/4"}],"replies":[{"embeddable":true,"href":"https:\/\/www.notredamelacouronne.fr\/news\/wp-json\/wp\/v2\/comments?post=8337"}],"version-history":[{"count":2,"href":"https:\/\/www.notredamelacouronne.fr\/news\/wp-json\/wp\/v2\/posts\/8337\/revisions"}],"predecessor-version":[{"id":8355,"href":"https:\/\/www.notredamelacouronne.fr\/news\/wp-json\/wp\/v2\/posts\/8337\/revisions\/8355"}],"wp:attachment":[{"href":"https:\/\/www.notredamelacouronne.fr\/news\/wp-json\/wp\/v2\/media?parent=8337"}],"wp:term":[{"taxonomy":"category","embeddable":true,"href":"https:\/\/www.notredamelacouronne.fr\/news\/wp-json\/wp\/v2\/categories?post=8337"},{"taxonomy":"post_tag","embeddable":true,"href":"https:\/\/www.notredamelacouronne.fr\/news\/wp-json\/wp\/v2\/tags?post=8337"}],"curies":[{"name":"wp","href":"https:\/\/api.w.org\/{rel}","templated":true}]}}