{"id":8317,"date":"2024-11-27T20:38:18","date_gmt":"2024-11-27T20:38:18","guid":{"rendered":"https:\/\/www.notredamelacouronne.fr\/news\/?p=8317"},"modified":"2024-12-14T10:27:33","modified_gmt":"2024-12-14T09:27:33","slug":"les-ce1-judokas","status":"publish","type":"post","link":"https:\/\/www.notredamelacouronne.fr\/news\/2024\/11\/les-ce1-judokas\/","title":{"rendered":"Les CE1 judokas"},"content":{"rendered":"<div class=\"postie-post\">\n<div>\n<div class=\"ydp1eeccd0cyahoo-style-wrap\" style=\"font-family:Helvetica Neue, Helvetica, Arial, sans-serif;font-size:13px;\">\n<div id=\"ydp1eeccd0cyiv2362097422\">\n<div>\n<div style=\"font-family:Helvetica Neue, Helvetica, Arial, sans-serif;font-size:13px;\" class=\"ydp1eeccd0cyiv2362097422yahoo-style-wrap\">\n<div dir=\"ltr\">Le cycle judo a commenc\u00e9 pour les \u00e9l\u00e8ves de CE1. Tous les vendredis matin, au dojo, la classe d\u00e9couvre le judo avec Bertrand.<\/div>\n<div dir=\"ltr\">Apr\u00e8s le salut au tapis et un \u00e9chauffement tr\u00e8s ludique (roulades, jeu des crabes&#8230;), les enfants apprennent le combat \u00e0 genoux pour d\u00e9stabiliser l&rsquo;adversaire et le plaquer au sol.&nbsp;<\/div>\n<div dir=\"ltr\" data-setdir=\"false\">Ensuite, au cours des prochaines s\u00e9ances, ils commenceront l&rsquo;affrontement debout o\u00f9 les prises de judo seront plus pr\u00e9cises et techniques.<\/div>\n<div dir=\"ltr\"><img decoding=\"async\" title=\"Image en ligne\" alt=\"Image en ligne\" src=\"https:\/\/www.notredamelacouronne.fr\/news\/wp-content\/uploads\/2024\/11\/1732739044230blob.png\" class=\"ydpd263d3fayahoo-inline-image ydpd263d3fayahoo-loading\" style=\"max-width: 800px; width: 100%;\" data-id=\"<<a href=\"mailto:fa8e5ea7-2597-5a87-b261-32bbd15f5640@yahoo.com\" >fa8e5ea7-2597-5a87-b261-32bbd15f5640@yahoo.com<\/a>>\u00a0\u00bb><br \/><span><\/span><\/div>\n<div dir=\"ltr\"><img decoding=\"async\" title=\"Image en ligne\" alt=\"Image en ligne\" src=\"https:\/\/www.notredamelacouronne.fr\/news\/wp-content\/uploads\/2024\/11\/1732739022488blob.png\" class=\"ydpc9c0d7feyahoo-inline-image ydpc9c0d7feyahoo-loading\" style=\"max-width: 800px; width: 100%;\" data-id=\"<<a href=\"mailto:eef54d53-df4c-31b3-b5d5-9303d0b3f54d@yahoo.com\" >eef54d53-df4c-31b3-b5d5-9303d0b3f54d@yahoo.com<\/a>>\u00a0\u00bb><br \/><span><\/span><img decoding=\"async\" title=\"Image en ligne\" alt=\"Image en ligne\" src=\"https:\/\/www.notredamelacouronne.fr\/news\/wp-content\/uploads\/2024\/11\/1732739071915blob.png\" class=\"ydpc273a2d2yahoo-inline-image ydpc273a2d2yahoo-loading\" style=\"max-width: 800px; width: 100%;\" data-id=\"<<a href=\"mailto:17f09e3b-ef81-1360-1f47-9ceb499e1368@yahoo.com\" >17f09e3b-ef81-1360-1f47-9ceb499e1368@yahoo.com<\/a>>\u00a0\u00bb><br \/><img decoding=\"async\" title=\"Image en ligne\" alt=\"Image en ligne\" src=\"https:\/\/www.notredamelacouronne.fr\/news\/wp-content\/uploads\/2024\/11\/1732739098403blob.png\" class=\"ydp231e9516yahoo-inline-image ydp231e9516yahoo-loading\" style=\"max-width: 800px; width: 100%;\" data-id=\"<<a href=\"mailto:e243c3fc-016c-47f6-5896-07d5ccc24e24@yahoo.com\" >e243c3fc-016c-47f6-5896-07d5ccc24e24@yahoo.com<\/a>>\u00a0\u00bb><\/div>\n<div dir=\"ltr\"><img decoding=\"async\" title=\"Image en ligne\" alt=\"Image en ligne\" src=\"https:\/\/www.notredamelacouronne.fr\/news\/wp-content\/uploads\/2024\/11\/1732739151977blob.png\" class=\"ydpee6835dayahoo-inline-image ydpee6835dayahoo-loading\" style=\"max-width: 800px; width: 100%;\" data-id=\"<<a href=\"mailto:2b20c5b2-3ab7-3152-9437-3cadeaf4af71@yahoo.com\" >2b20c5b2-3ab7-3152-9437-3cadeaf4af71@yahoo.com<\/a>>\u00a0\u00bb><br \/><span><\/span><br \/><img decoding=\"async\" title=\"Image en ligne\" alt=\"Image en ligne\" src=\"https:\/\/www.notredamelacouronne.fr\/news\/wp-content\/uploads\/2024\/11\/1732739123020blob.png\" class=\"ydp6bfca13cyahoo-inline-image ydp6bfca13cyahoo-loading\" style=\"max-width: 800px; width: 100%;\" data-id=\"<<a href=\"mailto:04ef0ca0-30c5-1c13-066a-25d698240de1@yahoo.com\" >04ef0ca0-30c5-1c13-066a-25d698240de1@yahoo.com<\/a>>\u00a0\u00bb><br \/><span><\/span><span><\/span><span><\/span><\/div>\n<\/div>\n<\/div>\n<\/div>\n<\/div>\n<\/div>\n<\/div>\n","protected":false},"excerpt":{"rendered":"<p>Le cycle judo a commenc\u00e9 pour les \u00e9l\u00e8ves de CE1. Tous les vendredis matin, au dojo, la classe d\u00e9couvre le judo avec Bertrand. Apr\u00e8s le salut au tapis et un \u00e9chauffement tr\u00e8s ludique (roulades, jeu des crabes&#8230;), les enfants apprennent le combat \u00e0 genoux pour d\u00e9stabiliser l&rsquo;adversaire et le plaquer au sol.&nbsp; Ensuite, au cours &#8230;<\/p>\n<p><a href=\"https:\/\/www.notredamelacouronne.fr\/news\/2024\/11\/les-ce1-judokas\/\" class=\"more-link\">Continue reading &lsquo;Les CE1 judokas&rsquo; &raquo;<\/a><\/p>\n","protected":false},"author":632,"featured_media":0,"comment_status":"closed","ping_status":"closed","sticky":false,"template":"","format":"standard","meta":{"footnotes":""},"categories":[2],"tags":[],"class_list":["post-8317","post","type-post","status-publish","format-standard","hentry","category-vie-des-classes"],"_links":{"self":[{"href":"https:\/\/www.notredamelacouronne.fr\/news\/wp-json\/wp\/v2\/posts\/8317","targetHints":{"allow":["GET"]}}],"collection":[{"href":"https:\/\/www.notredamelacouronne.fr\/news\/wp-json\/wp\/v2\/posts"}],"about":[{"href":"https:\/\/www.notredamelacouronne.fr\/news\/wp-json\/wp\/v2\/types\/post"}],"author":[{"embeddable":true,"href":"https:\/\/www.notredamelacouronne.fr\/news\/wp-json\/wp\/v2\/users\/632"}],"replies":[{"embeddable":true,"href":"https:\/\/www.notredamelacouronne.fr\/news\/wp-json\/wp\/v2\/comments?post=8317"}],"version-history":[{"count":1,"href":"https:\/\/www.notredamelacouronne.fr\/news\/wp-json\/wp\/v2\/posts\/8317\/revisions"}],"predecessor-version":[{"id":8333,"href":"https:\/\/www.notredamelacouronne.fr\/news\/wp-json\/wp\/v2\/posts\/8317\/revisions\/8333"}],"wp:attachment":[{"href":"https:\/\/www.notredamelacouronne.fr\/news\/wp-json\/wp\/v2\/media?parent=8317"}],"wp:term":[{"taxonomy":"category","embeddable":true,"href":"https:\/\/www.notredamelacouronne.fr\/news\/wp-json\/wp\/v2\/categories?post=8317"},{"taxonomy":"post_tag","embeddable":true,"href":"https:\/\/www.notredamelacouronne.fr\/news\/wp-json\/wp\/v2\/tags?post=8317"}],"curies":[{"name":"wp","href":"https:\/\/api.w.org\/{rel}","templated":true}]}}