{"id":8293,"date":"2024-10-21T11:48:45","date_gmt":"2024-10-21T10:48:45","guid":{"rendered":"https:\/\/www.notredamelacouronne.fr\/news\/?p=8293"},"modified":"2024-10-21T11:48:45","modified_gmt":"2024-10-21T10:48:45","slug":"cest-quoi-la-toussaint","status":"publish","type":"post","link":"https:\/\/www.notredamelacouronne.fr\/news\/2024\/10\/cest-quoi-la-toussaint\/","title":{"rendered":"C&rsquo;est quoi \u00ab\u00a0La Toussaint\u00a0\u00bb?"},"content":{"rendered":"\n<p>Une rencontre d&rsquo;Eveil \u00e0 la foi s&rsquo;est d\u00e9roul\u00e9e mardi 15 octobre en d\u00e9but d&rsquo;apr\u00e8s-midi avec Nicole et Martine, responsables de la Cat\u00e9ch\u00e8se sur la paroisse de La Couronne.<\/p>\n\n\n\n<p>Notre ancienne cantini\u00e8re et notre ancienne aide maternelle sont venues expliquer la f\u00eate de LA TOUSSAINT en chantant, en bricolant, en priant.<\/p>\n\n\n\n<figure class=\"wp-block-gallery has-nested-images columns-default is-cropped wp-block-gallery-1 is-layout-flex wp-block-gallery-is-layout-flex\">\n<figure class=\"wp-block-image size-large\"><img loading=\"lazy\" decoding=\"async\" width=\"640\" height=\"480\" data-id=\"8286\" src=\"https:\/\/www.notredamelacouronne.fr\/news\/wp-content\/uploads\/2024\/10\/IMG_1250.jpg\" alt=\"\" class=\"wp-image-8286\" srcset=\"https:\/\/www.notredamelacouronne.fr\/news\/wp-content\/uploads\/2024\/10\/IMG_1250.jpg 640w, https:\/\/www.notredamelacouronne.fr\/news\/wp-content\/uploads\/2024\/10\/IMG_1250-300x225.jpg 300w\" sizes=\"auto, (max-width: 640px) 100vw, 640px\" \/><\/figure>\n\n\n\n<figure class=\"wp-block-image size-large\"><img loading=\"lazy\" decoding=\"async\" width=\"640\" height=\"480\" data-id=\"8287\" src=\"https:\/\/www.notredamelacouronne.fr\/news\/wp-content\/uploads\/2024\/10\/IMG_1251.jpg\" alt=\"\" class=\"wp-image-8287\" srcset=\"https:\/\/www.notredamelacouronne.fr\/news\/wp-content\/uploads\/2024\/10\/IMG_1251.jpg 640w, https:\/\/www.notredamelacouronne.fr\/news\/wp-content\/uploads\/2024\/10\/IMG_1251-300x225.jpg 300w\" sizes=\"auto, (max-width: 640px) 100vw, 640px\" \/><\/figure>\n<\/figure>\n\n\n\n<p>\u00ab\u00a0Seigneur, je suis l\u00e0 pour toi, je t&rsquo;aime. Dans le secret de mon c\u0153ur, j&rsquo;\u00e9coute ce que tu as me dire\u00a0\u00bb&#8230;<\/p>\n\n\n\n<p>Apr\u00e8s ce petit chant gestu\u00e9, les \u00e9l\u00e8ves sont partis \u00e0 la d\u00e9couverte d&rsquo;un Saint, un ami de Dieu : St Fran\u00e7ois d&rsquo;Assise ; il admirait la nature et surtout les oiseaux. Chacun a d\u00e9cor\u00e9 et accroch\u00e9 son oiseau sur de belles branches, signe que nous voulons \u00eatre un ami de Dieu.<\/p>\n\n\n\n<figure class=\"wp-block-gallery has-nested-images columns-default is-cropped wp-block-gallery-2 is-layout-flex wp-block-gallery-is-layout-flex\">\n<figure class=\"wp-block-image size-large\"><img loading=\"lazy\" decoding=\"async\" width=\"480\" height=\"640\" data-id=\"8288\" src=\"https:\/\/www.notredamelacouronne.fr\/news\/wp-content\/uploads\/2024\/10\/IMG_1252-rotated.jpg\" alt=\"\" class=\"wp-image-8288\" srcset=\"https:\/\/www.notredamelacouronne.fr\/news\/wp-content\/uploads\/2024\/10\/IMG_1252-rotated.jpg 480w, https:\/\/www.notredamelacouronne.fr\/news\/wp-content\/uploads\/2024\/10\/IMG_1252-225x300.jpg 225w\" sizes=\"auto, (max-width: 480px) 100vw, 480px\" \/><\/figure>\n\n\n\n<figure class=\"wp-block-image size-large\"><img loading=\"lazy\" decoding=\"async\" width=\"480\" height=\"640\" data-id=\"8289\" src=\"https:\/\/www.notredamelacouronne.fr\/news\/wp-content\/uploads\/2024\/10\/IMG_1254-rotated.jpg\" alt=\"\" class=\"wp-image-8289\" srcset=\"https:\/\/www.notredamelacouronne.fr\/news\/wp-content\/uploads\/2024\/10\/IMG_1254-rotated.jpg 480w, https:\/\/www.notredamelacouronne.fr\/news\/wp-content\/uploads\/2024\/10\/IMG_1254-225x300.jpg 225w\" sizes=\"auto, (max-width: 480px) 100vw, 480px\" \/><\/figure>\n<\/figure>\n\n\n\n<figure class=\"wp-block-gallery has-nested-images columns-default is-cropped wp-block-gallery-3 is-layout-flex wp-block-gallery-is-layout-flex\">\n<figure class=\"wp-block-image size-large\"><img loading=\"lazy\" decoding=\"async\" width=\"640\" height=\"480\" data-id=\"8291\" src=\"https:\/\/www.notredamelacouronne.fr\/news\/wp-content\/uploads\/2024\/10\/IMG_1256.jpg\" alt=\"\" class=\"wp-image-8291\" srcset=\"https:\/\/www.notredamelacouronne.fr\/news\/wp-content\/uploads\/2024\/10\/IMG_1256.jpg 640w, https:\/\/www.notredamelacouronne.fr\/news\/wp-content\/uploads\/2024\/10\/IMG_1256-300x225.jpg 300w\" sizes=\"auto, (max-width: 640px) 100vw, 640px\" \/><\/figure>\n\n\n\n<figure class=\"wp-block-image size-large\"><img loading=\"lazy\" decoding=\"async\" width=\"640\" height=\"480\" data-id=\"8290\" src=\"https:\/\/www.notredamelacouronne.fr\/news\/wp-content\/uploads\/2024\/10\/IMG_1255.jpg\" alt=\"\" class=\"wp-image-8290\" srcset=\"https:\/\/www.notredamelacouronne.fr\/news\/wp-content\/uploads\/2024\/10\/IMG_1255.jpg 640w, https:\/\/www.notredamelacouronne.fr\/news\/wp-content\/uploads\/2024\/10\/IMG_1255-300x225.jpg 300w\" sizes=\"auto, (max-width: 640px) 100vw, 640px\" \/><\/figure>\n<figcaption class=\"blocks-gallery-caption wp-element-caption\">\u00ab\u00a0Seigneur, fais de moi un instrument de ta paix\u00a0\u00bb<\/figcaption><\/figure>\n\n\n<div class=\"wp-block-image\">\n<figure class=\"aligncenter size-full\"><img loading=\"lazy\" decoding=\"async\" width=\"480\" height=\"640\" src=\"https:\/\/www.notredamelacouronne.fr\/news\/wp-content\/uploads\/2024\/10\/IMG_1258-rotated.jpg\" alt=\"\" class=\"wp-image-8292\" srcset=\"https:\/\/www.notredamelacouronne.fr\/news\/wp-content\/uploads\/2024\/10\/IMG_1258-rotated.jpg 480w, https:\/\/www.notredamelacouronne.fr\/news\/wp-content\/uploads\/2024\/10\/IMG_1258-225x300.jpg 225w\" sizes=\"auto, (max-width: 480px) 100vw, 480px\" \/><\/figure>\n<\/div>\n\n\n<p>La Toussaint, c&rsquo;est une f\u00eate joyeuse de TOUS LES SAINTS, amis de J\u00e9sus. Nous sommes tous appel\u00e9s par Lui pour devenir des Saints, c&rsquo;est-\u00e0-dire ses amis. Devenir Saint, c&rsquo;est chaque jour aimer ceux qui nous entourent, comme J\u00e9sus nous le demande.<\/p>\n\n\n\n<p>Merci Nicole et Martine ! RDV \u00e0 No\u00ebl !<\/p>\n","protected":false},"excerpt":{"rendered":"<p>Une rencontre d&rsquo;Eveil \u00e0 la foi s&rsquo;est d\u00e9roul\u00e9e mardi 15 octobre en d\u00e9but d&rsquo;apr\u00e8s-midi avec Nicole et Martine, responsables de la Cat\u00e9ch\u00e8se sur la paroisse de La Couronne. Notre ancienne cantini\u00e8re et notre ancienne aide maternelle sont venues expliquer la f\u00eate de LA TOUSSAINT en chantant, en bricolant, en priant. \u00ab\u00a0Seigneur, je suis l\u00e0 pour &#8230;<\/p>\n<p><a href=\"https:\/\/www.notredamelacouronne.fr\/news\/2024\/10\/cest-quoi-la-toussaint\/\" class=\"more-link\">Continue reading &lsquo;C&rsquo;est quoi \u00ab\u00a0La Toussaint\u00a0\u00bb?&rsquo; &raquo;<\/a><\/p>\n","protected":false},"author":4,"featured_media":0,"comment_status":"closed","ping_status":"closed","sticky":false,"template":"","format":"standard","meta":{"footnotes":""},"categories":[6,23],"tags":[],"class_list":["post-8293","post","type-post","status-publish","format-standard","hentry","category-pastorale","category-recent"],"_links":{"self":[{"href":"https:\/\/www.notredamelacouronne.fr\/news\/wp-json\/wp\/v2\/posts\/8293","targetHints":{"allow":["GET"]}}],"collection":[{"href":"https:\/\/www.notredamelacouronne.fr\/news\/wp-json\/wp\/v2\/posts"}],"about":[{"href":"https:\/\/www.notredamelacouronne.fr\/news\/wp-json\/wp\/v2\/types\/post"}],"author":[{"embeddable":true,"href":"https:\/\/www.notredamelacouronne.fr\/news\/wp-json\/wp\/v2\/users\/4"}],"replies":[{"embeddable":true,"href":"https:\/\/www.notredamelacouronne.fr\/news\/wp-json\/wp\/v2\/comments?post=8293"}],"version-history":[{"count":1,"href":"https:\/\/www.notredamelacouronne.fr\/news\/wp-json\/wp\/v2\/posts\/8293\/revisions"}],"predecessor-version":[{"id":8294,"href":"https:\/\/www.notredamelacouronne.fr\/news\/wp-json\/wp\/v2\/posts\/8293\/revisions\/8294"}],"wp:attachment":[{"href":"https:\/\/www.notredamelacouronne.fr\/news\/wp-json\/wp\/v2\/media?parent=8293"}],"wp:term":[{"taxonomy":"category","embeddable":true,"href":"https:\/\/www.notredamelacouronne.fr\/news\/wp-json\/wp\/v2\/categories?post=8293"},{"taxonomy":"post_tag","embeddable":true,"href":"https:\/\/www.notredamelacouronne.fr\/news\/wp-json\/wp\/v2\/tags?post=8293"}],"curies":[{"name":"wp","href":"https:\/\/api.w.org\/{rel}","templated":true}]}}