{"id":7614,"date":"2023-09-15T15:10:41","date_gmt":"2023-09-15T15:10:41","guid":{"rendered":"https:\/\/www.notredamelacouronne.fr\/news\/?p=7614"},"modified":"2023-10-01T19:42:14","modified_gmt":"2023-10-01T18:42:14","slug":"tr-la-rentree-en-cm2","status":"publish","type":"post","link":"https:\/\/www.notredamelacouronne.fr\/news\/2023\/09\/tr-la-rentree-en-cm2\/","title":{"rendered":"La rentr\u00e9e  en cm2"},"content":{"rendered":"<div class=\"postie-post\">\nL&rsquo;ann\u00e9e commence bien en CM2. Bienvenue \u00e0 Aroon ! Nous avons deux ma\u00eetresses : madame Vigan lundi et jeudi , madame Giroud mardi et vendredi. Nous voil\u00e0 en route pour notre derni\u00e8re ann\u00e9e \u00e0 l&rsquo;\u00e9cole Notre- Dame avant le coll\u00e8ge.<\/p>\n<div class=\"postie-attachments\"><a href=\"https:\/\/www.notredamelacouronne.fr\/news\/?attachment_id=7615\"><img loading=\"lazy\" decoding=\"async\" class=\"wp-image-7615 size-large aligncenter\" src=\"https:\/\/www.notredamelacouronne.fr\/news\/wp-content\/uploads\/2023\/09\/20230915_112536-800x360.jpg\" alt=\"\" width=\"730\" height=\"329\" srcset=\"https:\/\/www.notredamelacouronne.fr\/news\/wp-content\/uploads\/2023\/09\/20230915_112536-800x360.jpg 800w, https:\/\/www.notredamelacouronne.fr\/news\/wp-content\/uploads\/2023\/09\/20230915_112536-300x135.jpg 300w, https:\/\/www.notredamelacouronne.fr\/news\/wp-content\/uploads\/2023\/09\/20230915_112536-768x346.jpg 768w, https:\/\/www.notredamelacouronne.fr\/news\/wp-content\/uploads\/2023\/09\/20230915_112536-1536x691.jpg 1536w, https:\/\/www.notredamelacouronne.fr\/news\/wp-content\/uploads\/2023\/09\/20230915_112536-2048x922.jpg 2048w, https:\/\/www.notredamelacouronne.fr\/news\/wp-content\/uploads\/2023\/09\/20230915_112536-730x329.jpg 730w, https:\/\/www.notredamelacouronne.fr\/news\/wp-content\/uploads\/2023\/09\/20230915_112536-1320x594.jpg 1320w\" sizes=\"auto, (max-width: 730px) 100vw, 730px\" \/><\/a><\/div>\n<\/div>\n","protected":false},"excerpt":{"rendered":"<p>_<\/p>\n","protected":false},"author":0,"featured_media":0,"comment_status":"closed","ping_status":"closed","sticky":false,"template":"","format":"standard","meta":{"footnotes":""},"categories":[2],"tags":[],"class_list":["post-7614","post","type-post","status-publish","format-standard","hentry","category-vie-des-classes"],"_links":{"self":[{"href":"https:\/\/www.notredamelacouronne.fr\/news\/wp-json\/wp\/v2\/posts\/7614","targetHints":{"allow":["GET"]}}],"collection":[{"href":"https:\/\/www.notredamelacouronne.fr\/news\/wp-json\/wp\/v2\/posts"}],"about":[{"href":"https:\/\/www.notredamelacouronne.fr\/news\/wp-json\/wp\/v2\/types\/post"}],"replies":[{"embeddable":true,"href":"https:\/\/www.notredamelacouronne.fr\/news\/wp-json\/wp\/v2\/comments?post=7614"}],"version-history":[{"count":1,"href":"https:\/\/www.notredamelacouronne.fr\/news\/wp-json\/wp\/v2\/posts\/7614\/revisions"}],"predecessor-version":[{"id":7621,"href":"https:\/\/www.notredamelacouronne.fr\/news\/wp-json\/wp\/v2\/posts\/7614\/revisions\/7621"}],"wp:attachment":[{"href":"https:\/\/www.notredamelacouronne.fr\/news\/wp-json\/wp\/v2\/media?parent=7614"}],"wp:term":[{"taxonomy":"category","embeddable":true,"href":"https:\/\/www.notredamelacouronne.fr\/news\/wp-json\/wp\/v2\/categories?post=7614"},{"taxonomy":"post_tag","embeddable":true,"href":"https:\/\/www.notredamelacouronne.fr\/news\/wp-json\/wp\/v2\/tags?post=7614"}],"curies":[{"name":"wp","href":"https:\/\/api.w.org\/{rel}","templated":true}]}}