{"id":7120,"date":"2022-12-17T10:15:35","date_gmt":"2022-12-17T09:15:35","guid":{"rendered":"https:\/\/www.notredamelacouronne.fr\/news\/?p=7120"},"modified":"2023-03-15T11:22:06","modified_gmt":"2023-03-15T10:22:06","slug":"le-noel-des-ce1","status":"publish","type":"post","link":"https:\/\/www.notredamelacouronne.fr\/news\/2022\/12\/le-noel-des-ce1\/","title":{"rendered":"Le No\u00ebl des CE1"},"content":{"rendered":"<div class=\"postie-post\">\n<div>\n<div class=\"ydpd950d93dyahoo-style-wrap\" style=\"font-family:Helvetica Neue, Helvetica, Arial, sans-serif;font-size:13px;\">\n<div dir=\"ltr\" data-setdir=\"false\">Les festivit\u00e9s de No\u00ebl se sont bien d\u00e9roul\u00e9es \u00e0 l&rsquo;\u00e9cole Notre Dame. Apr\u00e8s la c\u00e9l\u00e9bration de vendredi matin, les \u00e9l\u00e8ves ont pass\u00e9 un apr\u00e8s-midi ludique avec le visionnage du film \u00ab\u00a0L&rsquo;\u00e9toile\u00a0\u00bb, suivi d&rsquo;un go\u00fbter gourmand offert par l&rsquo;APEL. Et bien s\u00fbr, le P\u00e8re No\u00ebl est venu dans les classes pour g\u00e2ter les enfants sages.<\/div>\n<div dir=\"ltr\" data-setdir=\"false\"><\/div>\n<div data-setdir=\"true\" style=\"text-align: center; \">Bonnes f\u00eates et bonnes vacances \u00e0 tous!<\/div>\n<div data-setdir=\"true\" style=\"text-align: center; \"><\/div>\n<div data-setdir=\"true\" style=\"text-align: center; \"><img decoding=\"async\" title=\"Image en ligne\" alt=\"Image en ligne\" src=\"https:\/\/www.notredamelacouronne.fr\/news\/wp-content\/uploads\/2022\/12\/1671271566599blob.png\" class=\"ydp82360968yahoo-inline-image\" style=\"max-width: 800px; width: 100%;\" data-id=\"<<a href=\"mailto:f741269a-73af-f92f-5a0f-0e0aa5a91099@yahoo.com\" >f741269a-73af-f92f-5a0f-0e0aa5a91099@yahoo.com<\/a>>\u00a0\u00bb><br \/><span><\/span><img decoding=\"async\" title=\"Image en ligne\" alt=\"Image en ligne\" src=\"https:\/\/www.notredamelacouronne.fr\/news\/wp-content\/uploads\/2022\/12\/1671271798382blob.png\" class=\"ydp4d0c60dfyahoo-inline-image ydp4d0c60dfyahoo-loading\" style=\"max-width: 800px; width: 100%;\" data-id=\"<<a href=\"mailto:ae785532-834e-d549-565c-a3b09647acdd@yahoo.com\" >ae785532-834e-d549-565c-a3b09647acdd@yahoo.com<\/a>>\u00a0\u00bb><br \/><img decoding=\"async\" title=\"Image en ligne\" alt=\"Image en ligne\" src=\"https:\/\/www.notredamelacouronne.fr\/news\/wp-content\/uploads\/2022\/12\/1671271974302blob.png\" class=\"yahoo-inline-image\" draggable=\"false\" style=\"max-width: 800px; width: 100%;\" data-inlineimagemanipulating=\"true\" data-id=\"<<a href=\"mailto:d2dd96c6-1fa2-c591-3764-f3353cf4da4f@yahoo.com\" >d2dd96c6-1fa2-c591-3764-f3353cf4da4f@yahoo.com<\/a>>\u00a0\u00bb><br \/><span><\/span><span><\/span><\/div>\n<\/div>\n<\/div><\/div>\n","protected":false},"excerpt":{"rendered":"<p>_<\/p>\n","protected":false},"author":632,"featured_media":0,"comment_status":"closed","ping_status":"closed","sticky":false,"template":"","format":"standard","meta":{"footnotes":""},"categories":[2],"tags":[],"class_list":["post-7120","post","type-post","status-publish","format-standard","hentry","category-vie-des-classes"],"_links":{"self":[{"href":"https:\/\/www.notredamelacouronne.fr\/news\/wp-json\/wp\/v2\/posts\/7120","targetHints":{"allow":["GET"]}}],"collection":[{"href":"https:\/\/www.notredamelacouronne.fr\/news\/wp-json\/wp\/v2\/posts"}],"about":[{"href":"https:\/\/www.notredamelacouronne.fr\/news\/wp-json\/wp\/v2\/types\/post"}],"author":[{"embeddable":true,"href":"https:\/\/www.notredamelacouronne.fr\/news\/wp-json\/wp\/v2\/users\/632"}],"replies":[{"embeddable":true,"href":"https:\/\/www.notredamelacouronne.fr\/news\/wp-json\/wp\/v2\/comments?post=7120"}],"version-history":[{"count":0,"href":"https:\/\/www.notredamelacouronne.fr\/news\/wp-json\/wp\/v2\/posts\/7120\/revisions"}],"wp:attachment":[{"href":"https:\/\/www.notredamelacouronne.fr\/news\/wp-json\/wp\/v2\/media?parent=7120"}],"wp:term":[{"taxonomy":"category","embeddable":true,"href":"https:\/\/www.notredamelacouronne.fr\/news\/wp-json\/wp\/v2\/categories?post=7120"},{"taxonomy":"post_tag","embeddable":true,"href":"https:\/\/www.notredamelacouronne.fr\/news\/wp-json\/wp\/v2\/tags?post=7120"}],"curies":[{"name":"wp","href":"https:\/\/api.w.org\/{rel}","templated":true}]}}