{"id":6418,"date":"2022-07-09T15:59:11","date_gmt":"2022-07-09T14:59:11","guid":{"rendered":"https:\/\/www.notredamelacouronne.fr\/news\/?p=6418"},"modified":"2022-09-01T18:04:43","modified_gmt":"2022-09-01T17:04:43","slug":"la-sortie-poney-des-ce1-et-ce2","status":"publish","type":"post","link":"https:\/\/www.notredamelacouronne.fr\/news\/2022\/07\/la-sortie-poney-des-ce1-et-ce2\/","title":{"rendered":"La sortie poney des CE1 et CE2"},"content":{"rendered":"<div class=\"postie-post\">\n<div>\n<div class=\"ydp261d8532yahoo-style-wrap\" style=\"font-family:Helvetica Neue, Helvetica, Arial, sans-serif;font-size:13px;\">\n<div id=\"ydp261d8532yiv6999415809\">\n<div>\n<div style=\"font-family:Helvetica Neue, Helvetica, Arial, sans-serif;font-size:13px;\" class=\"ydp261d8532yiv6999415809yahoo-style-wrap\">\n<div dir=\"ltr\">Le 30 juin, les \u00e9l\u00e8ves de CE1 et de CE2 ont pass\u00e9 la journ\u00e9e au poney club de la Pouyade \u00e0 Marsac.<\/div>\n<div dir=\"ltr\">Ils ont effectu\u00e9 un atelier th\u00e9orique pour d\u00e9couvrir le milieu de vie des poneys, leur alimentation, le mat\u00e9riel de pansage et d&rsquo;\u00e9quitation. Ils ont ainsi pu nettoyer et chouchouter les poneys qui ont beaucoup appr\u00e9ci\u00e9!<\/div>\n<div dir=\"ltr\">Puis, les enfants ont pu s&rsquo;initier \u00e0 la voltige sur le dos de P\u00e9pito: moulin, superman, \u00e0 genoux, debout&#8230; les figures se sont encha\u00een\u00e9es \u00e0 la longe \u00e0 l&rsquo;arr\u00eat et au pas.<\/div>\n<div dir=\"ltr\">Ensuite, les cavaliers en herbe ont effectu\u00e9 chacun sur leur poney le tour du pony park. Une belle balade en plein air le long des pr\u00e9s o\u00f9 se sont succ\u00e9d\u00e9es les mont\u00e9es, les descentes et les labyrinthes. Ils ont ainsi test\u00e9 les rudiments de l&rsquo;\u00e9quitation avec les positions assise ou en \u00e9quilibre et les aides directionnelles. Et les cavaliers les plus exp\u00e9riment\u00e9s ont fait des jeux dans le man\u00e8ge.<\/div>\n<div dir=\"ltr\">Bref, une journ\u00e9e bien remplie pour f\u00eater la fin de l&rsquo;ann\u00e9e scolaire et qui aura peut-\u00eatre \u00e9veill\u00e9 des vocations chez certains \u00e9l\u00e8ves&#8230;<\/div>\n<div dir=\"ltr\"><\/div>\n<div dir=\"ltr\"><\/div>\n<div dir=\"ltr\" data-setdir=\"false\"><img decoding=\"async\" title=\"Image en ligne\" alt=\"Image en ligne\" src=\"https:\/\/www.notredamelacouronne.fr\/news\/wp-content\/uploads\/2022\/07\/1657382630168blob.jpg\" class=\"yahoo-inline-image\" draggable=\"false\" style=\"max-width: 800px; width: 100%;\" data-id=\"<<a href=\"mailto:bf82628a-15ee-f0d5-3728-0bb0d92de3c3@yahoo.com\" >bf82628a-15ee-f0d5-3728-0bb0d92de3c3@yahoo.com<\/a>>\u00a0\u00bb><\/div>\n<div dir=\"ltr\" data-setdir=\"false\"><\/div>\n<div dir=\"ltr\" data-setdir=\"false\"><img decoding=\"async\" title=\"Image en ligne\" alt=\"Image en ligne\" src=\"https:\/\/www.notredamelacouronne.fr\/news\/wp-content\/uploads\/2022\/07\/1657382644668blob-scaled.jpg\" class=\"yahoo-inline-image\" draggable=\"false\" style=\"max-width: 800px; width: 100%;\" data-inlineimagemanipulating=\"true\" data-id=\"<<a href=\"mailto:d07dbcf6-0873-b68e-e5bd-8fb6fea966f7@yahoo.com\" >d07dbcf6-0873-b68e-e5bd-8fb6fea966f7@yahoo.com<\/a>>\u00a0\u00bb><br \/><span><\/span><br \/><span><\/span><\/div>\n<\/div>\n<\/div>\n<\/div>\n<\/div>\n<\/div><\/div>\n","protected":false},"excerpt":{"rendered":"<p>_<\/p>\n","protected":false},"author":632,"featured_media":0,"comment_status":"closed","ping_status":"closed","sticky":false,"template":"","format":"standard","meta":{"footnotes":""},"categories":[2],"tags":[],"class_list":["post-6418","post","type-post","status-publish","format-standard","hentry","category-vie-des-classes"],"_links":{"self":[{"href":"https:\/\/www.notredamelacouronne.fr\/news\/wp-json\/wp\/v2\/posts\/6418","targetHints":{"allow":["GET"]}}],"collection":[{"href":"https:\/\/www.notredamelacouronne.fr\/news\/wp-json\/wp\/v2\/posts"}],"about":[{"href":"https:\/\/www.notredamelacouronne.fr\/news\/wp-json\/wp\/v2\/types\/post"}],"author":[{"embeddable":true,"href":"https:\/\/www.notredamelacouronne.fr\/news\/wp-json\/wp\/v2\/users\/632"}],"replies":[{"embeddable":true,"href":"https:\/\/www.notredamelacouronne.fr\/news\/wp-json\/wp\/v2\/comments?post=6418"}],"version-history":[{"count":0,"href":"https:\/\/www.notredamelacouronne.fr\/news\/wp-json\/wp\/v2\/posts\/6418\/revisions"}],"wp:attachment":[{"href":"https:\/\/www.notredamelacouronne.fr\/news\/wp-json\/wp\/v2\/media?parent=6418"}],"wp:term":[{"taxonomy":"category","embeddable":true,"href":"https:\/\/www.notredamelacouronne.fr\/news\/wp-json\/wp\/v2\/categories?post=6418"},{"taxonomy":"post_tag","embeddable":true,"href":"https:\/\/www.notredamelacouronne.fr\/news\/wp-json\/wp\/v2\/tags?post=6418"}],"curies":[{"name":"wp","href":"https:\/\/api.w.org\/{rel}","templated":true}]}}