{"id":6278,"date":"2022-04-03T19:45:47","date_gmt":"2022-04-03T18:45:47","guid":{"rendered":"https:\/\/www.notredamelacouronne.fr\/news\/?p=6278"},"modified":"2022-05-21T17:18:58","modified_gmt":"2022-05-21T16:18:58","slug":"le-printemps-est-arrive-en-ce1","status":"publish","type":"post","link":"https:\/\/www.notredamelacouronne.fr\/news\/2022\/04\/le-printemps-est-arrive-en-ce1\/","title":{"rendered":"Le printemps est arriv\u00e9 en CE1"},"content":{"rendered":"<div class=\"postie-post\">\n<div>\n<div class=\"yahoo-style-wrap\" style=\"font-family:Helvetica Neue, Helvetica, Arial, sans-serif;font-size:13px;\">\n<div dir=\"ltr\" data-setdir=\"false\">Les beaux jours commencent \u00e0 arriver&#8230;<\/div>\n<div dir=\"ltr\" data-setdir=\"false\">Les bulbes de tulipes plant\u00e9s par les \u00e9l\u00e8ves de CE1 il y a quelques mois, avec l&rsquo;aide de Mme Lassaigne, ont enfin fleuri!<\/div>\n<div dir=\"ltr\" data-setdir=\"false\">Les fleurs \u00e9crivent un beau CE1 en rouge vif!<\/div>\n<div dir=\"ltr\" data-setdir=\"false\">En classe \u00e9galement, le printemps a inspir\u00e9 les \u00e9l\u00e8ves: ils ont ainsi dessin\u00e9 de magnifiques fleurs graphiques qui d\u00e9corent maintenant les fen\u00eatres de la classe.<\/div>\n<div dir=\"ltr\" data-setdir=\"false\">En \u00e9ducation musicale, nous avons \u00e9cout\u00e9 \u00ab\u00a0Le printemps\u00a0\u00bb de Vivaldi.&nbsp;<\/div>\n<div dir=\"ltr\" data-setdir=\"false\">Enfin, les \u00e9l\u00e8ves ont choisi et appris des po\u00e9sies printani\u00e8res.<\/div>\n<div dir=\"ltr\" data-setdir=\"false\"><\/div>\n<div dir=\"ltr\" data-setdir=\"false\"><span><\/span><\/div>\n<div dir=\"ltr\" data-setdir=\"false\"><img decoding=\"async\" title=\"Image en ligne\" alt=\"Image en ligne\" src=\"https:\/\/www.notredamelacouronne.fr\/news\/wp-content\/uploads\/2022\/04\/1649015144825blob-scaled.jpg\" class=\"yahoo-inline-image\" draggable=\"false\" style=\"max-width: 800px; width: 100%;\" data-id=\"<<a href=\" mailto:2f8c27cb-ddc1-fe85-b52c-d46a299f948c@yahoo.com\"=\"\">2f8c27cb-ddc1-fe85-b52c-d46a299f948c@yahoo.com&gt;\u00a0\u00bb&gt;<\/div>\n<div dir=\"ltr\" data-setdir=\"false\"><\/div>\n<div dir=\"ltr\" data-setdir=\"false\"><img decoding=\"async\" title=\"Image en ligne\" alt=\"Image en ligne\" src=\"https:\/\/www.notredamelacouronne.fr\/news\/wp-content\/uploads\/2022\/04\/1649015409455blob-scaled.jpg\" class=\"yahoo-inline-image\" draggable=\"false\" style=\"max-width: 800px; width: 100%;\" data-id=\"<<a href=\" mailto:eb75b117-d7f5-df55-d46a-a7c814413cd5@yahoo.com\"=\"\">eb75b117-d7f5-df55-d46a-a7c814413cd5@yahoo.com&gt;\u00a0\u00bb&gt;<br \/>\n<span><\/span><\/div>\n<\/div>\n<\/div>\n<\/div>\n","protected":false},"excerpt":{"rendered":"<p>_<\/p>\n","protected":false},"author":1,"featured_media":0,"comment_status":"closed","ping_status":"closed","sticky":false,"template":"","format":"standard","meta":{"footnotes":""},"categories":[2],"tags":[],"class_list":["post-6278","post","type-post","status-publish","format-standard","hentry","category-vie-des-classes"],"_links":{"self":[{"href":"https:\/\/www.notredamelacouronne.fr\/news\/wp-json\/wp\/v2\/posts\/6278","targetHints":{"allow":["GET"]}}],"collection":[{"href":"https:\/\/www.notredamelacouronne.fr\/news\/wp-json\/wp\/v2\/posts"}],"about":[{"href":"https:\/\/www.notredamelacouronne.fr\/news\/wp-json\/wp\/v2\/types\/post"}],"author":[{"embeddable":true,"href":"https:\/\/www.notredamelacouronne.fr\/news\/wp-json\/wp\/v2\/users\/1"}],"replies":[{"embeddable":true,"href":"https:\/\/www.notredamelacouronne.fr\/news\/wp-json\/wp\/v2\/comments?post=6278"}],"version-history":[{"count":0,"href":"https:\/\/www.notredamelacouronne.fr\/news\/wp-json\/wp\/v2\/posts\/6278\/revisions"}],"wp:attachment":[{"href":"https:\/\/www.notredamelacouronne.fr\/news\/wp-json\/wp\/v2\/media?parent=6278"}],"wp:term":[{"taxonomy":"category","embeddable":true,"href":"https:\/\/www.notredamelacouronne.fr\/news\/wp-json\/wp\/v2\/categories?post=6278"},{"taxonomy":"post_tag","embeddable":true,"href":"https:\/\/www.notredamelacouronne.fr\/news\/wp-json\/wp\/v2\/tags?post=6278"}],"curies":[{"name":"wp","href":"https:\/\/api.w.org\/{rel}","templated":true}]}}