{"id":6081,"date":"2021-12-18T12:50:05","date_gmt":"2021-12-18T11:50:05","guid":{"rendered":"https:\/\/www.notredamelacouronne.fr\/news\/?p=6081"},"modified":"2021-12-18T12:51:36","modified_gmt":"2021-12-18T11:51:36","slug":"nos-belles-creches","status":"publish","type":"post","link":"https:\/\/www.notredamelacouronne.fr\/news\/2021\/12\/nos-belles-creches\/","title":{"rendered":"Nos belles cr\u00e8ches"},"content":{"rendered":"\n<p>Cette ann\u00e9e, h\u00e9las, la c\u00e9l\u00e9bration qui devait avoir lieu vendredi 17 a \u00e9t\u00e9 annul\u00e9e.<\/p>\n\n\n\n<p>Souhaitant tout de m\u00eame nous unir pour c\u00e9l\u00e9brer la naissance du Christ, les \u00e9l\u00e8ves de la maternelle au CM2 ont cr\u00e9\u00e9 ensemble une cr\u00e8che pour la cour de l&rsquo;\u00e9cole. Chaque classe a d\u00e9cor\u00e9 et a apport\u00e9 un \u00e9l\u00e9ment.<\/p>\n\n\n\n<figure class=\"wp-block-image size-large is-resized\"><img loading=\"lazy\" decoding=\"async\" src=\"https:\/\/www.notredamelacouronne.fr\/news\/wp-content\/uploads\/2021\/12\/a366451a-1b33-48fb-b96f-9fffdde0ad32-300x265.jpg\" alt=\"\" class=\"wp-image-6080\" width=\"331\" height=\"292\" srcset=\"https:\/\/www.notredamelacouronne.fr\/news\/wp-content\/uploads\/2021\/12\/a366451a-1b33-48fb-b96f-9fffdde0ad32-300x265.jpg 300w, https:\/\/www.notredamelacouronne.fr\/news\/wp-content\/uploads\/2021\/12\/a366451a-1b33-48fb-b96f-9fffdde0ad32-768x678.jpg 768w, https:\/\/www.notredamelacouronne.fr\/news\/wp-content\/uploads\/2021\/12\/a366451a-1b33-48fb-b96f-9fffdde0ad32-730x645.jpg 730w, https:\/\/www.notredamelacouronne.fr\/news\/wp-content\/uploads\/2021\/12\/a366451a-1b33-48fb-b96f-9fffdde0ad32-1320x1166.jpg 1320w, https:\/\/www.notredamelacouronne.fr\/news\/wp-content\/uploads\/2021\/12\/a366451a-1b33-48fb-b96f-9fffdde0ad32.jpg 1422w\" sizes=\"auto, (max-width: 331px) 100vw, 331px\" \/><\/figure>\n\n\n\n<p>En lien avec la paroisse, avec l&rsquo;aide de ses animatrices, le groupe de cat\u00e9ch\u00e8se de CM1 a r\u00e9alis\u00e9 \u00e9galement une belle cr\u00e8che. Elle peut \u00eatre admir\u00e9e dans l&rsquo;\u00e9glise Saint Jean-Baptiste \u00e0 La Couronne.<\/p>\n\n\n\n<figure class=\"wp-block-image size-large\"><img loading=\"lazy\" decoding=\"async\" width=\"300\" height=\"169\" src=\"https:\/\/www.notredamelacouronne.fr\/news\/wp-content\/uploads\/2021\/12\/PHOTO-2021-12-07-19-45-54-300x169.jpg\" alt=\"\" class=\"wp-image-6079\" srcset=\"https:\/\/www.notredamelacouronne.fr\/news\/wp-content\/uploads\/2021\/12\/PHOTO-2021-12-07-19-45-54-300x169.jpg 300w, https:\/\/www.notredamelacouronne.fr\/news\/wp-content\/uploads\/2021\/12\/PHOTO-2021-12-07-19-45-54-768x432.jpg 768w, https:\/\/www.notredamelacouronne.fr\/news\/wp-content\/uploads\/2021\/12\/PHOTO-2021-12-07-19-45-54-1536x865.jpg 1536w, https:\/\/www.notredamelacouronne.fr\/news\/wp-content\/uploads\/2021\/12\/PHOTO-2021-12-07-19-45-54-730x411.jpg 730w, https:\/\/www.notredamelacouronne.fr\/news\/wp-content\/uploads\/2021\/12\/PHOTO-2021-12-07-19-45-54-1320x743.jpg 1320w, https:\/\/www.notredamelacouronne.fr\/news\/wp-content\/uploads\/2021\/12\/PHOTO-2021-12-07-19-45-54.jpg 1600w\" sizes=\"auto, (max-width: 300px) 100vw, 300px\" \/><\/figure>\n\n\n\n<p>Ces deux cr\u00e8ches participent au concours de cr\u00e8che organis\u00e9 par l&rsquo;APEL Charente.<\/p>\n","protected":false},"excerpt":{"rendered":"<p>_<\/p>\n","protected":false},"author":4,"featured_media":0,"comment_status":"closed","ping_status":"closed","sticky":false,"template":"","format":"standard","meta":{"footnotes":""},"categories":[6],"tags":[],"class_list":["post-6081","post","type-post","status-publish","format-standard","hentry","category-pastorale"],"_links":{"self":[{"href":"https:\/\/www.notredamelacouronne.fr\/news\/wp-json\/wp\/v2\/posts\/6081","targetHints":{"allow":["GET"]}}],"collection":[{"href":"https:\/\/www.notredamelacouronne.fr\/news\/wp-json\/wp\/v2\/posts"}],"about":[{"href":"https:\/\/www.notredamelacouronne.fr\/news\/wp-json\/wp\/v2\/types\/post"}],"author":[{"embeddable":true,"href":"https:\/\/www.notredamelacouronne.fr\/news\/wp-json\/wp\/v2\/users\/4"}],"replies":[{"embeddable":true,"href":"https:\/\/www.notredamelacouronne.fr\/news\/wp-json\/wp\/v2\/comments?post=6081"}],"version-history":[{"count":0,"href":"https:\/\/www.notredamelacouronne.fr\/news\/wp-json\/wp\/v2\/posts\/6081\/revisions"}],"wp:attachment":[{"href":"https:\/\/www.notredamelacouronne.fr\/news\/wp-json\/wp\/v2\/media?parent=6081"}],"wp:term":[{"taxonomy":"category","embeddable":true,"href":"https:\/\/www.notredamelacouronne.fr\/news\/wp-json\/wp\/v2\/categories?post=6081"},{"taxonomy":"post_tag","embeddable":true,"href":"https:\/\/www.notredamelacouronne.fr\/news\/wp-json\/wp\/v2\/tags?post=6081"}],"curies":[{"name":"wp","href":"https:\/\/api.w.org\/{rel}","templated":true}]}}