{"id":5838,"date":"2021-07-05T22:48:39","date_gmt":"2021-07-05T21:48:39","guid":{"rendered":"http:\/\/www.notredamelacouronne.fr\/news\/?p=5838"},"modified":"2021-09-02T20:35:04","modified_gmt":"2021-09-02T19:35:04","slug":"concert-captain-parade-a-courcome","status":"publish","type":"post","link":"https:\/\/www.notredamelacouronne.fr\/news\/2021\/07\/concert-captain-parade-a-courcome\/","title":{"rendered":"Concert Captain Parade \u00e0 Courc\u00f4me"},"content":{"rendered":"<div>\n<p>Vos enfants ont beaucoup aim\u00e9 le concert Captain Parade \u00e0 l&rsquo;\u00e9cole        offert par l&rsquo;APEL,       <\/p>\n<p>venez les voir ou les revoir le DIMANCHE 22 AOUT \u00e0 Courc\u00f4me!      <\/p>\n<div class=\"moz-signature\"><img decoding=\"async\"          src=\"https:\/\/www.notredamelacouronne.fr\/news\/wp-content\/uploads\/2021\/07\/ahpfobahkpkchfki.png\" alt=\"\"><\/p><\/div>\n<\/p><\/div>\n","protected":false},"excerpt":{"rendered":"<p>_<\/p>\n","protected":false},"author":6,"featured_media":0,"comment_status":"closed","ping_status":"closed","sticky":false,"template":"","format":"standard","meta":{"footnotes":""},"categories":[1,2],"tags":[],"class_list":["post-5838","post","type-post","status-publish","format-standard","hentry","category-non-classe","category-vie-des-classes"],"_links":{"self":[{"href":"https:\/\/www.notredamelacouronne.fr\/news\/wp-json\/wp\/v2\/posts\/5838","targetHints":{"allow":["GET"]}}],"collection":[{"href":"https:\/\/www.notredamelacouronne.fr\/news\/wp-json\/wp\/v2\/posts"}],"about":[{"href":"https:\/\/www.notredamelacouronne.fr\/news\/wp-json\/wp\/v2\/types\/post"}],"author":[{"embeddable":true,"href":"https:\/\/www.notredamelacouronne.fr\/news\/wp-json\/wp\/v2\/users\/6"}],"replies":[{"embeddable":true,"href":"https:\/\/www.notredamelacouronne.fr\/news\/wp-json\/wp\/v2\/comments?post=5838"}],"version-history":[{"count":0,"href":"https:\/\/www.notredamelacouronne.fr\/news\/wp-json\/wp\/v2\/posts\/5838\/revisions"}],"wp:attachment":[{"href":"https:\/\/www.notredamelacouronne.fr\/news\/wp-json\/wp\/v2\/media?parent=5838"}],"wp:term":[{"taxonomy":"category","embeddable":true,"href":"https:\/\/www.notredamelacouronne.fr\/news\/wp-json\/wp\/v2\/categories?post=5838"},{"taxonomy":"post_tag","embeddable":true,"href":"https:\/\/www.notredamelacouronne.fr\/news\/wp-json\/wp\/v2\/tags?post=5838"}],"curies":[{"name":"wp","href":"https:\/\/api.w.org\/{rel}","templated":true}]}}