{"id":5826,"date":"2021-06-29T21:56:31","date_gmt":"2021-06-29T20:56:31","guid":{"rendered":"http:\/\/www.notredamelacouronne.fr\/news\/?p=5826"},"modified":"2021-06-29T21:56:57","modified_gmt":"2021-06-29T20:56:57","slug":"theatre-japonais-en-cp","status":"publish","type":"post","link":"https:\/\/www.notredamelacouronne.fr\/news\/2021\/06\/theatre-japonais-en-cp\/","title":{"rendered":"Th\u00e9\u00e2tre japonais en CP"},"content":{"rendered":"\n<p>Les CP sont de vrais petits \u00e9crivains.<\/p>\n\n\n\n<p>Durant l&rsquo;ann\u00e9e, chaque mardi avec l&rsquo;aide de maitresse, maitre Alain et Martine, ils ont dit, r\u00e9p\u00e9t\u00e9 dans la t\u00eate et \u00e9crit quelques mots puis des phrases pour produire enfin ensemble un Kamishiba\u00ef.<\/p>\n\n\n\n<p>Pour le dernier jour d&rsquo;\u00e9cole, les artistes ont donc racont\u00e9 leur \u00ab\u00a0dr\u00f4le d&rsquo;histoire\u00a0\u00bb en faisant d\u00e9filer des illustrations dans un buta\u00ef, devant les CM2 puis les GS.<\/p>\n\n\n\n<div class=\"wp-block-group\"><div class=\"wp-block-group__inner-container is-layout-flow wp-block-group-is-layout-flow\">\n<div class=\"wp-block-image\"><figure class=\"aligncenter size-large\"><img loading=\"lazy\" decoding=\"async\" width=\"300\" height=\"198\" src=\"https:\/\/www.notredamelacouronne.fr\/news\/wp-content\/uploads\/2021\/06\/Resized_20210629_093945.jpgbis-300x198.jpg\" alt=\"\" class=\"wp-image-5829\" srcset=\"https:\/\/www.notredamelacouronne.fr\/news\/wp-content\/uploads\/2021\/06\/Resized_20210629_093945.jpgbis-300x198.jpg 300w, https:\/\/www.notredamelacouronne.fr\/news\/wp-content\/uploads\/2021\/06\/Resized_20210629_093945.jpgbis-768x507.jpg 768w, https:\/\/www.notredamelacouronne.fr\/news\/wp-content\/uploads\/2021\/06\/Resized_20210629_093945.jpgbis-600x396.jpg 600w, https:\/\/www.notredamelacouronne.fr\/news\/wp-content\/uploads\/2021\/06\/Resized_20210629_093945.jpgbis-730x482.jpg 730w, https:\/\/www.notredamelacouronne.fr\/news\/wp-content\/uploads\/2021\/06\/Resized_20210629_093945.jpgbis.jpg 800w\" sizes=\"auto, (max-width: 300px) 100vw, 300px\" \/><\/figure><\/div>\n<\/div><\/div>\n\n\n\n<p>Les \u00e9l\u00e8ves \u00e9taient tr\u00e8s fiers de pr\u00e9senter leur travail aux futurs CP et aux parrains\/marraines de CM2&#8230;. ces derniers leur ont fait une surprise en leur contant, sous forme th\u00e9\u00e2trale, la fable de Jean de La Fontaine \u00ab\u00a0Le loup et l&rsquo;agneau\u00a0\u00bb.<\/p>\n\n\n\n<div class=\"wp-block-group\"><div class=\"wp-block-group__inner-container is-layout-flow wp-block-group-is-layout-flow\">\n<figure class=\"wp-block-gallery columns-2 is-cropped wp-block-gallery-1 is-layout-flex wp-block-gallery-is-layout-flex\"><ul class=\"blocks-gallery-grid\"><li class=\"blocks-gallery-item\"><figure><img loading=\"lazy\" decoding=\"async\" width=\"300\" height=\"225\" src=\"https:\/\/www.notredamelacouronne.fr\/news\/wp-content\/uploads\/2021\/06\/DSCN8244.JPGbis-300x225.jpg\" alt=\"\" data-id=\"5832\" class=\"wp-image-5832\" srcset=\"https:\/\/www.notredamelacouronne.fr\/news\/wp-content\/uploads\/2021\/06\/DSCN8244.JPGbis-300x225.jpg 300w, https:\/\/www.notredamelacouronne.fr\/news\/wp-content\/uploads\/2021\/06\/DSCN8244.JPGbis.jpg 430w\" sizes=\"auto, (max-width: 300px) 100vw, 300px\" \/><\/figure><\/li><li class=\"blocks-gallery-item\"><figure><img loading=\"lazy\" decoding=\"async\" width=\"300\" height=\"225\" src=\"https:\/\/www.notredamelacouronne.fr\/news\/wp-content\/uploads\/2021\/06\/DSCN8243.JPGbis-1-300x225.jpg\" alt=\"\" data-id=\"5833\" data-full-url=\"https:\/\/www.notredamelacouronne.fr\/news\/wp-content\/uploads\/2021\/06\/DSCN8243.JPGbis-1.jpg\" data-link=\"https:\/\/www.notredamelacouronne.fr\/news\/?attachment_id=5833\" class=\"wp-image-5833\" srcset=\"https:\/\/www.notredamelacouronne.fr\/news\/wp-content\/uploads\/2021\/06\/DSCN8243.JPGbis-1-300x225.jpg 300w, https:\/\/www.notredamelacouronne.fr\/news\/wp-content\/uploads\/2021\/06\/DSCN8243.JPGbis-1.jpg 430w\" sizes=\"auto, (max-width: 300px) 100vw, 300px\" \/><\/figure><\/li><\/ul><\/figure>\n<\/div><\/div>\n\n\n\n<p>Ce fut un bon d\u00e9but de matin\u00e9e&#8230; d\u00e9j\u00e0 bien rempli !<\/p>\n","protected":false},"excerpt":{"rendered":"<p>_<\/p>\n","protected":false},"author":4,"featured_media":0,"comment_status":"closed","ping_status":"closed","sticky":false,"template":"","format":"standard","meta":{"footnotes":""},"categories":[2],"tags":[],"class_list":["post-5826","post","type-post","status-publish","format-standard","hentry","category-vie-des-classes"],"_links":{"self":[{"href":"https:\/\/www.notredamelacouronne.fr\/news\/wp-json\/wp\/v2\/posts\/5826","targetHints":{"allow":["GET"]}}],"collection":[{"href":"https:\/\/www.notredamelacouronne.fr\/news\/wp-json\/wp\/v2\/posts"}],"about":[{"href":"https:\/\/www.notredamelacouronne.fr\/news\/wp-json\/wp\/v2\/types\/post"}],"author":[{"embeddable":true,"href":"https:\/\/www.notredamelacouronne.fr\/news\/wp-json\/wp\/v2\/users\/4"}],"replies":[{"embeddable":true,"href":"https:\/\/www.notredamelacouronne.fr\/news\/wp-json\/wp\/v2\/comments?post=5826"}],"version-history":[{"count":0,"href":"https:\/\/www.notredamelacouronne.fr\/news\/wp-json\/wp\/v2\/posts\/5826\/revisions"}],"wp:attachment":[{"href":"https:\/\/www.notredamelacouronne.fr\/news\/wp-json\/wp\/v2\/media?parent=5826"}],"wp:term":[{"taxonomy":"category","embeddable":true,"href":"https:\/\/www.notredamelacouronne.fr\/news\/wp-json\/wp\/v2\/categories?post=5826"},{"taxonomy":"post_tag","embeddable":true,"href":"https:\/\/www.notredamelacouronne.fr\/news\/wp-json\/wp\/v2\/tags?post=5826"}],"curies":[{"name":"wp","href":"https:\/\/api.w.org\/{rel}","templated":true}]}}