{"id":5822,"date":"2021-06-28T21:21:42","date_gmt":"2021-06-28T20:21:42","guid":{"rendered":"http:\/\/www.notredamelacouronne.fr\/news\/?p=5822"},"modified":"2021-06-29T21:31:09","modified_gmt":"2021-06-29T20:31:09","slug":"rockeurs-en-herbe","status":"publish","type":"post","link":"https:\/\/www.notredamelacouronne.fr\/news\/2021\/06\/rockeurs-en-herbe\/","title":{"rendered":"Rockeurs en herbe"},"content":{"rendered":"\n<div class=\"wp-block-group\"><div class=\"wp-block-group__inner-container is-layout-flow wp-block-group-is-layout-flow\">\n<p>En cette fin d&rsquo;ann\u00e9e scolaire, les \u00e9l\u00e8ves de l&rsquo;\u00e9cole ont assist\u00e9 (et particip\u00e9) \u00e0 un show rock and roll et vitamin\u00e9.<\/p>\n<\/div><\/div>\n\n\n\n<div class=\"wp-block-group\"><div class=\"wp-block-group__inner-container is-layout-flow wp-block-group-is-layout-flow\">\n<figure class=\"wp-block-gallery columns-3 is-cropped wp-block-gallery-1 is-layout-flex wp-block-gallery-is-layout-flex\"><ul class=\"blocks-gallery-grid\"><li class=\"blocks-gallery-item\"><figure><img loading=\"lazy\" decoding=\"async\" width=\"300\" height=\"225\" src=\"https:\/\/www.notredamelacouronne.fr\/news\/wp-content\/uploads\/2021\/06\/DSCN8230.JPGbis-300x225.jpg\" alt=\"\" data-id=\"5815\" data-full-url=\"https:\/\/www.notredamelacouronne.fr\/news\/wp-content\/uploads\/2021\/06\/DSCN8230.JPGbis.jpg\" data-link=\"https:\/\/www.notredamelacouronne.fr\/news\/dscn8230-jpgbis\/\" class=\"wp-image-5815\" srcset=\"https:\/\/www.notredamelacouronne.fr\/news\/wp-content\/uploads\/2021\/06\/DSCN8230.JPGbis-300x225.jpg 300w, https:\/\/www.notredamelacouronne.fr\/news\/wp-content\/uploads\/2021\/06\/DSCN8230.JPGbis.jpg 530w\" sizes=\"auto, (max-width: 300px) 100vw, 300px\" \/><\/figure><\/li><li class=\"blocks-gallery-item\"><figure><img loading=\"lazy\" decoding=\"async\" width=\"300\" height=\"225\" src=\"https:\/\/www.notredamelacouronne.fr\/news\/wp-content\/uploads\/2021\/06\/DSCN8232.JPGbis-300x225.jpg\" alt=\"\" data-id=\"5817\" data-full-url=\"https:\/\/www.notredamelacouronne.fr\/news\/wp-content\/uploads\/2021\/06\/DSCN8232.JPGbis.jpg\" data-link=\"https:\/\/www.notredamelacouronne.fr\/news\/dscn8232-jpgbis\/\" class=\"wp-image-5817\" srcset=\"https:\/\/www.notredamelacouronne.fr\/news\/wp-content\/uploads\/2021\/06\/DSCN8232.JPGbis-300x225.jpg 300w, https:\/\/www.notredamelacouronne.fr\/news\/wp-content\/uploads\/2021\/06\/DSCN8232.JPGbis.jpg 530w\" sizes=\"auto, (max-width: 300px) 100vw, 300px\" \/><\/figure><\/li><li class=\"blocks-gallery-item\"><figure><img loading=\"lazy\" decoding=\"async\" width=\"300\" height=\"225\" src=\"https:\/\/www.notredamelacouronne.fr\/news\/wp-content\/uploads\/2021\/06\/DSCN8231.JPGbis-300x225.jpg\" alt=\"\" data-id=\"5816\" data-full-url=\"https:\/\/www.notredamelacouronne.fr\/news\/wp-content\/uploads\/2021\/06\/DSCN8231.JPGbis.jpg\" data-link=\"https:\/\/www.notredamelacouronne.fr\/news\/dscn8231-jpgbis\/\" class=\"wp-image-5816\" srcset=\"https:\/\/www.notredamelacouronne.fr\/news\/wp-content\/uploads\/2021\/06\/DSCN8231.JPGbis-300x225.jpg 300w, https:\/\/www.notredamelacouronne.fr\/news\/wp-content\/uploads\/2021\/06\/DSCN8231.JPGbis.jpg 530w\" sizes=\"auto, (max-width: 300px) 100vw, 300px\" \/><\/figure><\/li><\/ul><\/figure>\n<\/div><\/div>\n\n\n\n<p>De la maternelle au CM2, le groupe \u00ab\u00a0CAPTAIN PARADE\u00a0\u00bb a partag\u00e9 sa passion avec les enfants et leur a transmis les secrets du parfait petit rockeur. Entre des chor\u00e9graphies cosmiques, des rythmiques groovy, des comptines boost\u00e9es en d\u00e9cibels sans oublier les ritournelles en anglais, c&rsquo;\u00e9tait la Rock&rsquo;n&rsquo;roll attitude dans la cour de l&rsquo;\u00e9cole !<\/p>\n\n\n\n<figure class=\"wp-block-gallery columns-3 is-cropped wp-block-gallery-2 is-layout-flex wp-block-gallery-is-layout-flex\"><ul class=\"blocks-gallery-grid\"><li class=\"blocks-gallery-item\"><figure><img loading=\"lazy\" decoding=\"async\" width=\"300\" height=\"225\" src=\"https:\/\/www.notredamelacouronne.fr\/news\/wp-content\/uploads\/2021\/06\/DSCN8233.JPGbis-300x225.jpg\" alt=\"\" data-id=\"5818\" data-full-url=\"https:\/\/www.notredamelacouronne.fr\/news\/wp-content\/uploads\/2021\/06\/DSCN8233.JPGbis.jpg\" data-link=\"https:\/\/www.notredamelacouronne.fr\/news\/dscn8233-jpgbis\/\" class=\"wp-image-5818\" srcset=\"https:\/\/www.notredamelacouronne.fr\/news\/wp-content\/uploads\/2021\/06\/DSCN8233.JPGbis-300x225.jpg 300w, https:\/\/www.notredamelacouronne.fr\/news\/wp-content\/uploads\/2021\/06\/DSCN8233.JPGbis.jpg 530w\" sizes=\"auto, (max-width: 300px) 100vw, 300px\" \/><\/figure><\/li><li class=\"blocks-gallery-item\"><figure><img loading=\"lazy\" decoding=\"async\" width=\"300\" height=\"225\" src=\"https:\/\/www.notredamelacouronne.fr\/news\/wp-content\/uploads\/2021\/06\/DSCN8234.JPGbis-300x225.jpg\" alt=\"\" data-id=\"5819\" data-full-url=\"https:\/\/www.notredamelacouronne.fr\/news\/wp-content\/uploads\/2021\/06\/DSCN8234.JPGbis.jpg\" data-link=\"https:\/\/www.notredamelacouronne.fr\/news\/dscn8234-jpgbis\/\" class=\"wp-image-5819\" srcset=\"https:\/\/www.notredamelacouronne.fr\/news\/wp-content\/uploads\/2021\/06\/DSCN8234.JPGbis-300x225.jpg 300w, https:\/\/www.notredamelacouronne.fr\/news\/wp-content\/uploads\/2021\/06\/DSCN8234.JPGbis.jpg 530w\" sizes=\"auto, (max-width: 300px) 100vw, 300px\" \/><\/figure><\/li><li class=\"blocks-gallery-item\"><figure><img loading=\"lazy\" decoding=\"async\" width=\"300\" height=\"225\" src=\"https:\/\/www.notredamelacouronne.fr\/news\/wp-content\/uploads\/2021\/06\/DSCN8235.JPGbis-300x225.jpg\" alt=\"\" data-id=\"5820\" data-full-url=\"https:\/\/www.notredamelacouronne.fr\/news\/wp-content\/uploads\/2021\/06\/DSCN8235.JPGbis.jpg\" data-link=\"https:\/\/www.notredamelacouronne.fr\/news\/dscn8235-jpgbis\/\" class=\"wp-image-5820\" srcset=\"https:\/\/www.notredamelacouronne.fr\/news\/wp-content\/uploads\/2021\/06\/DSCN8235.JPGbis-300x225.jpg 300w, https:\/\/www.notredamelacouronne.fr\/news\/wp-content\/uploads\/2021\/06\/DSCN8235.JPGbis.jpg 510w\" sizes=\"auto, (max-width: 300px) 100vw, 300px\" \/><\/figure><\/li><\/ul><\/figure>\n\n\n\n<p>Merci \u00e0 ce super groupe pour ce concert et merci \u00e0 l&rsquo;Apel pour avoir offert ce spectacle.<\/p>\n\n\n\n<div class=\"wp-block-image\"><figure class=\"aligncenter size-large\"><img loading=\"lazy\" decoding=\"async\" width=\"300\" height=\"300\" src=\"https:\/\/www.notredamelacouronne.fr\/news\/wp-content\/uploads\/2021\/06\/Rock-les-momes-300x300.jpg\" alt=\"\" class=\"wp-image-5821\" srcset=\"https:\/\/www.notredamelacouronne.fr\/news\/wp-content\/uploads\/2021\/06\/Rock-les-momes-300x300.jpg 300w, https:\/\/www.notredamelacouronne.fr\/news\/wp-content\/uploads\/2021\/06\/Rock-les-momes-150x150.jpg 150w, https:\/\/www.notredamelacouronne.fr\/news\/wp-content\/uploads\/2021\/06\/Rock-les-momes.jpg 340w\" sizes=\"auto, (max-width: 300px) 100vw, 300px\" \/><\/figure><\/div>\n\n\n\n<p><\/p>\n","protected":false},"excerpt":{"rendered":"<p>_<\/p>\n","protected":false},"author":4,"featured_media":0,"comment_status":"closed","ping_status":"closed","sticky":false,"template":"","format":"standard","meta":{"footnotes":""},"categories":[7,2],"tags":[],"class_list":["post-5822","post","type-post","status-publish","format-standard","hentry","category-animations-apel","category-vie-des-classes"],"_links":{"self":[{"href":"https:\/\/www.notredamelacouronne.fr\/news\/wp-json\/wp\/v2\/posts\/5822","targetHints":{"allow":["GET"]}}],"collection":[{"href":"https:\/\/www.notredamelacouronne.fr\/news\/wp-json\/wp\/v2\/posts"}],"about":[{"href":"https:\/\/www.notredamelacouronne.fr\/news\/wp-json\/wp\/v2\/types\/post"}],"author":[{"embeddable":true,"href":"https:\/\/www.notredamelacouronne.fr\/news\/wp-json\/wp\/v2\/users\/4"}],"replies":[{"embeddable":true,"href":"https:\/\/www.notredamelacouronne.fr\/news\/wp-json\/wp\/v2\/comments?post=5822"}],"version-history":[{"count":0,"href":"https:\/\/www.notredamelacouronne.fr\/news\/wp-json\/wp\/v2\/posts\/5822\/revisions"}],"wp:attachment":[{"href":"https:\/\/www.notredamelacouronne.fr\/news\/wp-json\/wp\/v2\/media?parent=5822"}],"wp:term":[{"taxonomy":"category","embeddable":true,"href":"https:\/\/www.notredamelacouronne.fr\/news\/wp-json\/wp\/v2\/categories?post=5822"},{"taxonomy":"post_tag","embeddable":true,"href":"https:\/\/www.notredamelacouronne.fr\/news\/wp-json\/wp\/v2\/tags?post=5822"}],"curies":[{"name":"wp","href":"https:\/\/api.w.org\/{rel}","templated":true}]}}