{"id":5705,"date":"2021-03-01T12:50:30","date_gmt":"2021-03-01T11:50:30","guid":{"rendered":"http:\/\/www.notredamelacouronne.fr\/news\/?p=5705"},"modified":"2021-03-10T17:22:40","modified_gmt":"2021-03-10T16:22:40","slug":"dons-petites-couvertures","status":"publish","type":"post","link":"https:\/\/www.notredamelacouronne.fr\/news\/2021\/03\/dons-petites-couvertures\/","title":{"rendered":"Dons petites couvertures"},"content":{"rendered":"<div>\n<p>Bonjour \u00e0 tous,<\/p>\n<p>Nous sommes \u00e0 la recherche de <b>petites couvertures d&rsquo;enfants<\/b>        pour refaire le stock de celles des lits des maternelles.<\/p>\n<p>Si vous \u00eates en possession de petites couvertures dont vous ne        vous servez plus et que vous souhaitez vous en d\u00e9barrasser, merci        de penser \u00e0 notre \u00e9cole et les donner \u00e0 madame Teyss\u00e9dou.<\/p>\n<p>Avec tous nos remerciements.<\/p>\n<p>L&rsquo;\u00e9quipe maternelle      <\/p>\n<div class=\"moz-signature\"><\/div>\n<\/p><\/div>\n","protected":false},"excerpt":{"rendered":"<p>_<\/p>\n","protected":false},"author":6,"featured_media":0,"comment_status":"closed","ping_status":"closed","sticky":false,"template":"","format":"standard","meta":{"footnotes":""},"categories":[1],"tags":[],"class_list":["post-5705","post","type-post","status-publish","format-standard","hentry","category-non-classe"],"_links":{"self":[{"href":"https:\/\/www.notredamelacouronne.fr\/news\/wp-json\/wp\/v2\/posts\/5705","targetHints":{"allow":["GET"]}}],"collection":[{"href":"https:\/\/www.notredamelacouronne.fr\/news\/wp-json\/wp\/v2\/posts"}],"about":[{"href":"https:\/\/www.notredamelacouronne.fr\/news\/wp-json\/wp\/v2\/types\/post"}],"author":[{"embeddable":true,"href":"https:\/\/www.notredamelacouronne.fr\/news\/wp-json\/wp\/v2\/users\/6"}],"replies":[{"embeddable":true,"href":"https:\/\/www.notredamelacouronne.fr\/news\/wp-json\/wp\/v2\/comments?post=5705"}],"version-history":[{"count":0,"href":"https:\/\/www.notredamelacouronne.fr\/news\/wp-json\/wp\/v2\/posts\/5705\/revisions"}],"wp:attachment":[{"href":"https:\/\/www.notredamelacouronne.fr\/news\/wp-json\/wp\/v2\/media?parent=5705"}],"wp:term":[{"taxonomy":"category","embeddable":true,"href":"https:\/\/www.notredamelacouronne.fr\/news\/wp-json\/wp\/v2\/categories?post=5705"},{"taxonomy":"post_tag","embeddable":true,"href":"https:\/\/www.notredamelacouronne.fr\/news\/wp-json\/wp\/v2\/tags?post=5705"}],"curies":[{"name":"wp","href":"https:\/\/api.w.org\/{rel}","templated":true}]}}