{"id":5633,"date":"2020-11-26T18:26:52","date_gmt":"2020-11-26T17:26:52","guid":{"rendered":"http:\/\/www.notredamelacouronne.fr\/news\/?p=5633"},"modified":"2021-03-10T17:26:37","modified_gmt":"2021-03-10T16:26:37","slug":"en-novembre-le-temps-des-citrouilles","status":"publish","type":"post","link":"https:\/\/www.notredamelacouronne.fr\/news\/2020\/11\/en-novembre-le-temps-des-citrouilles\/","title":{"rendered":"En novembre&#8230;le temps des citrouilles."},"content":{"rendered":"<div>\n<p>Les classes de maternelles ont pu r\u00e9colter les citrouilles sem\u00e9es        l&rsquo;ann\u00e9e derni\u00e8re au mois de juin.<\/p>\n<p>Les classes de TPS\/PS et MS ont r\u00e9alis\u00e9 une soupe de citrouille        tandis que les GS ont confectionn\u00e9 un dessert avec une tarte \u00e0 la        citrouille.<\/p>\n<p>Voici en quelques photos le d\u00e9roul\u00e9 des journ\u00e9es cuisine jusqu&rsquo;\u00e0        la d\u00e9gustation:      <\/p>\n<div class=\"moz-signature\"><img decoding=\"async\"          src=\"https:\/\/www.notredamelacouronne.fr\/news\/wp-content\/uploads\/2020\/11\/jhjgmdpodhfocjad.png\" alt=\"\"><\/div>\n<div class=\"moz-signature\"><img decoding=\"async\"          src=\"https:\/\/www.notredamelacouronne.fr\/news\/wp-content\/uploads\/2020\/11\/iihgopbidoloepol.png\" alt=\"\"><\/div>\n<div class=\"moz-signature\">      <\/div>\n<div class=\"moz-signature\"><img decoding=\"async\"          src=\"https:\/\/www.notredamelacouronne.fr\/news\/wp-content\/uploads\/2020\/11\/dkfenichhhdkdjle.png\" alt=\"\"> <\/div>\n<\/p><\/div>\n","protected":false},"excerpt":{"rendered":"<p>_<\/p>\n","protected":false},"author":6,"featured_media":0,"comment_status":"closed","ping_status":"closed","sticky":false,"template":"","format":"standard","meta":{"footnotes":""},"categories":[2],"tags":[],"class_list":["post-5633","post","type-post","status-publish","format-standard","hentry","category-vie-des-classes"],"_links":{"self":[{"href":"https:\/\/www.notredamelacouronne.fr\/news\/wp-json\/wp\/v2\/posts\/5633","targetHints":{"allow":["GET"]}}],"collection":[{"href":"https:\/\/www.notredamelacouronne.fr\/news\/wp-json\/wp\/v2\/posts"}],"about":[{"href":"https:\/\/www.notredamelacouronne.fr\/news\/wp-json\/wp\/v2\/types\/post"}],"author":[{"embeddable":true,"href":"https:\/\/www.notredamelacouronne.fr\/news\/wp-json\/wp\/v2\/users\/6"}],"replies":[{"embeddable":true,"href":"https:\/\/www.notredamelacouronne.fr\/news\/wp-json\/wp\/v2\/comments?post=5633"}],"version-history":[{"count":0,"href":"https:\/\/www.notredamelacouronne.fr\/news\/wp-json\/wp\/v2\/posts\/5633\/revisions"}],"wp:attachment":[{"href":"https:\/\/www.notredamelacouronne.fr\/news\/wp-json\/wp\/v2\/media?parent=5633"}],"wp:term":[{"taxonomy":"category","embeddable":true,"href":"https:\/\/www.notredamelacouronne.fr\/news\/wp-json\/wp\/v2\/categories?post=5633"},{"taxonomy":"post_tag","embeddable":true,"href":"https:\/\/www.notredamelacouronne.fr\/news\/wp-json\/wp\/v2\/tags?post=5633"}],"curies":[{"name":"wp","href":"https:\/\/api.w.org\/{rel}","templated":true}]}}