{"id":5574,"date":"2020-10-11T18:50:10","date_gmt":"2020-10-11T17:50:10","guid":{"rendered":"http:\/\/www.notredamelacouronne.fr\/news\/?p=5574"},"modified":"2020-10-21T10:27:13","modified_gmt":"2020-10-21T09:27:13","slug":"election-bureau-apel-2020-2021","status":"publish","type":"post","link":"https:\/\/www.notredamelacouronne.fr\/news\/2020\/10\/election-bureau-apel-2020-2021\/","title":{"rendered":"El\u00e9ction bureau APEL 2020-2021"},"content":{"rendered":"<div>\n<p dir=\"ltr\"        style=\"line-height:1.3800000000000001;margin-top:0pt;margin-bottom:10pt\"><font          size=\"+2\"><span style=\"font-size:11pt;font-family:calibri,sans-serif;font-variant-numeric:normal;font-variant-east-asian:normal;vertical-align:baseline;white-space:pre-wrap\">Voici le nouveau bureau de l&rsquo;APEL pour cette ann\u00e9e 2020-2021.<\/span><\/font><\/p>\n<p dir=\"ltr\"        style=\"line-height:1.3800000000000001;margin-top:0pt;margin-bottom:10pt\"><font          size=\"+2\"><span style=\"font-size:11pt;font-family:calibri,sans-serif;font-variant-numeric:normal;font-variant-east-asian:normal;vertical-align:baseline;white-space:pre-wrap\">Merci \u00e0 eux pour leur investissement dans notre \u00e9cole et merci \u00e0 vous tous parents de les soutenir dans leurs actions tout au long de l&rsquo;ann\u00e9e.<\/span><\/font><\/p>\n<p dir=\"ltr\"        style=\"line-height:1.3800000000000001;margin-top:0pt;margin-bottom:10pt\"><font          size=\"+2\"><span style=\"font-size:11pt;font-family:calibri,sans-serif;font-variant-numeric:normal;font-variant-east-asian:normal;vertical-align:baseline;white-space:pre-wrap\"> Ils auront besoin de vous tous!!  <\/span><\/font><\/p>\n<p dir=\"ltr\"        style=\"line-height:1.3800000000000001;margin-top:0pt;margin-bottom:10pt\"><font          size=\"+2\"><span style=\"font-size:11pt;font-family:calibri,sans-serif;font-variant-numeric:normal;font-variant-east-asian:normal;vertical-align:baseline;white-space:pre-wrap\">&#8211;<b> Pr\u00e9sidente\u00a0:<\/b> VIGNERON\u00a0 Anne<\/span><\/font><\/p>\n<p dir=\"ltr\"        style=\"line-height:1.3800000000000001;margin-top:0pt;margin-bottom:10pt\"><font          size=\"+2\"><span style=\"font-size:11pt;font-family:calibri,sans-serif;font-variant-numeric:normal;font-variant-east-asian:normal;vertical-align:baseline;white-space:pre-wrap\">&#8211; <b>Vice-pr\u00e9sidente\u00a0: <\/b>VERGNAUD Sandra<\/span><\/font><\/p>\n<p dir=\"ltr\"        style=\"line-height:1.3800000000000001;margin-top:0pt;margin-bottom:10pt\"><font          size=\"+2\"><span style=\"font-size:11pt;font-family:calibri,sans-serif;font-variant-numeric:normal;font-variant-east-asian:normal;vertical-align:baseline;white-space:pre-wrap\">&#8211; <b>T<\/b><b>r\u00e9sori\u00e8re\u00a0:<\/b> BUXERAUD Barbara <\/span><\/font><\/p>\n<p dir=\"ltr\"        style=\"line-height:1.3800000000000001;margin-top:0pt;margin-bottom:10pt\"><font          size=\"+2\"><span style=\"font-size:11pt;font-family:calibri,sans-serif;font-variant-numeric:normal;font-variant-east-asian:normal;vertical-align:baseline;white-space:pre-wrap\">&#8211; <b>Tr\u00e9sori\u00e8re \u2013adjointe\u00a0<\/b>: BOUILLER Amandine<\/span><\/font><\/p>\n<p dir=\"ltr\"        style=\"line-height:1.3800000000000001;margin-top:0pt;margin-bottom:10pt\"><font          size=\"+2\"><span style=\"font-size:11pt;font-family:calibri,sans-serif;font-variant-numeric:normal;font-variant-east-asian:normal;vertical-align:baseline;white-space:pre-wrap\">&#8211;<b> Secr\u00e9taire\u00a0:<\/b> BRY Sonia<\/span><\/font><\/p>\n<p dir=\"ltr\"        style=\"line-height:1.3800000000000001;margin-top:0pt;margin-bottom:10pt\"><font          size=\"+2\"><span style=\"font-size:11pt;font-family:calibri,sans-serif;font-variant-numeric:normal;font-variant-east-asian:normal;vertical-align:baseline;white-space:pre-wrap\"><b>&#8211; Secr\u00e9taire-adjointe\u00a0<\/b>: CHEMINADE Anne-Laure<\/span><\/font><\/p>\n<\/p><\/div>\n","protected":false},"excerpt":{"rendered":"<p>_<\/p>\n","protected":false},"author":6,"featured_media":0,"comment_status":"closed","ping_status":"closed","sticky":false,"template":"","format":"standard","meta":{"footnotes":""},"categories":[7],"tags":[],"class_list":["post-5574","post","type-post","status-publish","format-standard","hentry","category-animations-apel"],"_links":{"self":[{"href":"https:\/\/www.notredamelacouronne.fr\/news\/wp-json\/wp\/v2\/posts\/5574","targetHints":{"allow":["GET"]}}],"collection":[{"href":"https:\/\/www.notredamelacouronne.fr\/news\/wp-json\/wp\/v2\/posts"}],"about":[{"href":"https:\/\/www.notredamelacouronne.fr\/news\/wp-json\/wp\/v2\/types\/post"}],"author":[{"embeddable":true,"href":"https:\/\/www.notredamelacouronne.fr\/news\/wp-json\/wp\/v2\/users\/6"}],"replies":[{"embeddable":true,"href":"https:\/\/www.notredamelacouronne.fr\/news\/wp-json\/wp\/v2\/comments?post=5574"}],"version-history":[{"count":0,"href":"https:\/\/www.notredamelacouronne.fr\/news\/wp-json\/wp\/v2\/posts\/5574\/revisions"}],"wp:attachment":[{"href":"https:\/\/www.notredamelacouronne.fr\/news\/wp-json\/wp\/v2\/media?parent=5574"}],"wp:term":[{"taxonomy":"category","embeddable":true,"href":"https:\/\/www.notredamelacouronne.fr\/news\/wp-json\/wp\/v2\/categories?post=5574"},{"taxonomy":"post_tag","embeddable":true,"href":"https:\/\/www.notredamelacouronne.fr\/news\/wp-json\/wp\/v2\/tags?post=5574"}],"curies":[{"name":"wp","href":"https:\/\/api.w.org\/{rel}","templated":true}]}}