{"id":5560,"date":"2020-09-22T14:27:51","date_gmt":"2020-09-22T14:27:51","guid":{"rendered":"http:\/\/www.notredamelacouronne.fr\/news\/?p=5560"},"modified":"2020-09-22T15:38:44","modified_gmt":"2020-09-22T14:38:44","slug":"procedure-en-cas-de-suspicion-ou-de-covid-avere","status":"publish","type":"post","link":"https:\/\/www.notredamelacouronne.fr\/news\/2020\/09\/procedure-en-cas-de-suspicion-ou-de-covid-avere\/","title":{"rendered":"Proc\u00e9dure en cas de suspicion ou de covid av\u00e9r\u00e9"},"content":{"rendered":"<div>\n<div class=\"actu_titre no-borders no-margins\"> <span class=\"h2          no-margins\"><span class=\"translatable-title\"><u><br \/>            <\/u><\/span><\/span><\/div>\n<div class=\"actu_titre no-borders no-margins\"><u><span class=\"h2            no-margins\"><\/span><\/u><font size=\"+1\" color=\"#ff0000\"><b><span              class=\"translatable-content\">Des changements notables sont              apparus en date du 20 septembre:<\/span><\/b><\/font><\/div>\n<div class=\"actu_description\"><span class=\"translatable-content\"><br \/>        <\/span><\/div>\n<div class=\"actu_description\"><span class=\"translatable-content\">          L\u2019\u00e9volution apport\u00e9e \u00e0 ces documents concerne essentiellement la          d\u00e9finition des contacts \u00e0 risque dans les \u00e9coles primaires.<\/span><\/div>\n<div class=\"actu_description\"><span class=\"translatable-content\"> Le          Haut conseil pour la sant\u00e9 publique (HCSP) a en effet recommand\u00e9          d\u2019adapter cette d\u00e9finition en s\u2019appuyant sur le fait que \u00ab les          enfants sont peu actifs dans la transmission du SARS-CoV-2 \u00bb.<\/p>\n<p>          <u>En cons\u00e9quence :<\/u><\/p>\n<p>          \u00b7 Les \u00e9l\u00e8ves d\u2019\u00e9cole maternelle ou \u00e9l\u00e9mentaire qui ont un          camarade de classe positif \u00e0 la Covid-19 ne sont plus \u00ab contacts          \u00e0 risque \u00bb. Ils peuvent continuer \u00e0 aller normalement \u00e0 l\u2019\u00e9cole.<\/p>\n<p>          \u00b7 Parce qu\u2019il porte un masque qui constitue une mesure de          protection efficace, un professeur en \u00e9cole maternelle ou          \u00e9l\u00e9mentaire n\u2019est plus consid\u00e9r\u00e9 comme un \u00ab contact \u00e0 risque \u00bb          s\u2019il a c\u00f4toy\u00e9 un \u00e9l\u00e8ve non masqu\u00e9 positif \u00e0 la Covid-19.<\/p>\n<p>          L&rsquo;\u00e9quipe enseignante continuera \u00e0 exercer une vigilance          particuli\u00e8re en cas de sympt\u00f4mes.<\/p>\n<p>          Merci pour votre compr\u00e9hension.<\/span><\/div>\n<div class=\"actu_description\"><span class=\"translatable-content\"><br \/>        <\/span><\/div>\n<div class=\"actu_description\"><span class=\"translatable-content\"><i>En            PJ vous trouverez deux fiches r\u00e9capitulatives de cette            nouvelle proc\u00e9dure.<\/i><br \/>        <\/span> <\/div>\n<\/p>\n<div class=\"moz-signature\">\n<div class=\"postie-attachments\"><a href=\"https:\/\/www.notredamelacouronne.fr\/news\/wp-content\/uploads\/2020\/09\/PROCEDURE-COVID.pdf\"><img src='https:\/\/www.notredamelacouronne.fr\/news\/wp-content\/plugins\/postie\/icons\/silver\/pdf-32.png' alt='pdf icon' \/> PROCEDURE-COVID.pdf<\/a><\/div>\n","protected":false},"excerpt":{"rendered":"<p>_<\/p>\n","protected":false},"author":6,"featured_media":0,"comment_status":"closed","ping_status":"closed","sticky":false,"template":"","format":"standard","meta":{"footnotes":""},"categories":[1],"tags":[],"class_list":["post-5560","post","type-post","status-publish","format-standard","hentry","category-non-classe"],"_links":{"self":[{"href":"https:\/\/www.notredamelacouronne.fr\/news\/wp-json\/wp\/v2\/posts\/5560","targetHints":{"allow":["GET"]}}],"collection":[{"href":"https:\/\/www.notredamelacouronne.fr\/news\/wp-json\/wp\/v2\/posts"}],"about":[{"href":"https:\/\/www.notredamelacouronne.fr\/news\/wp-json\/wp\/v2\/types\/post"}],"author":[{"embeddable":true,"href":"https:\/\/www.notredamelacouronne.fr\/news\/wp-json\/wp\/v2\/users\/6"}],"replies":[{"embeddable":true,"href":"https:\/\/www.notredamelacouronne.fr\/news\/wp-json\/wp\/v2\/comments?post=5560"}],"version-history":[{"count":0,"href":"https:\/\/www.notredamelacouronne.fr\/news\/wp-json\/wp\/v2\/posts\/5560\/revisions"}],"wp:attachment":[{"href":"https:\/\/www.notredamelacouronne.fr\/news\/wp-json\/wp\/v2\/media?parent=5560"}],"wp:term":[{"taxonomy":"category","embeddable":true,"href":"https:\/\/www.notredamelacouronne.fr\/news\/wp-json\/wp\/v2\/categories?post=5560"},{"taxonomy":"post_tag","embeddable":true,"href":"https:\/\/www.notredamelacouronne.fr\/news\/wp-json\/wp\/v2\/tags?post=5560"}],"curies":[{"name":"wp","href":"https:\/\/api.w.org\/{rel}","templated":true}]}}