{"id":5536,"date":"2020-05-22T14:56:58","date_gmt":"2020-05-22T13:56:58","guid":{"rendered":"http:\/\/www.notredamelacouronne.fr\/news\/?p=5536"},"modified":"2020-05-22T14:56:58","modified_gmt":"2020-05-22T13:56:58","slug":"sensibilisation-aux-gestes-barrieres","status":"publish","type":"post","link":"https:\/\/www.notredamelacouronne.fr\/news\/2020\/05\/sensibilisation-aux-gestes-barrieres\/","title":{"rendered":"SENSIBILISATION AUX GESTES BARRIERES"},"content":{"rendered":"\n<p>\u00a0\u00a0\u00a0\u00a0\u00a0\u00a0\u00a0\u00a0 Pour cette rentr\u00e9e un peu sp\u00e9ciale, Virginie et Maria, des mamans infirmi\u00e8res \u00ab\u00a0ASALEE\u00a0\u00bb, sont venues deux apr\u00e8s-midi rencontrer les \u00e9l\u00e8ves de l\u2019\u00e9cole afin de les sensibiliser aux gestes barri\u00e8res et les aider \u00e0 combattre ce coronavirus.<\/p>\n\n\n\n<p>&nbsp;&nbsp;&nbsp;&nbsp;&nbsp;&nbsp;&nbsp;&nbsp; Apr\u00e8s un film d\u2019animation \u00ab&nbsp;le coronavirus expliqu\u00e9 aux\nenfants&nbsp;\u00bb, les intervenantes ont expliqu\u00e9 ce qu\u2019il faut faire pour\nl\u2019\u00e9viter&nbsp;: les \u00ab&nbsp;3M&nbsp;\u00bb, \u00ab&nbsp;mains, masque, m\u00e8tre&nbsp;\u00bb comme\nexpliquent les CP. Les plus jeunes se sont entrain\u00e9s au lavage des mains avec\nHugo l\u2019escargot et ses amis tout en respectant la distanciation&nbsp;! Les\ngrands, en plus, ont appris \u00e0 mettre et \u00e0 enlever correctement le masque.<\/p>\n\n\n\n<p>&nbsp;&nbsp;&nbsp;&nbsp;&nbsp;&nbsp;&nbsp;&nbsp; Chaque classe a re\u00e7u son dipl\u00f4me et les \u00e9l\u00e8ves ont eu la mission\nd\u2019expliquer ces consignes dans leur famille. De vrais petits h\u00e9ros&nbsp;!<\/p>\n\n\n\n<div class=\"wp-block-image\"><figure class=\"aligncenter size-large\"><img loading=\"lazy\" decoding=\"async\" width=\"300\" height=\"225\" src=\"https:\/\/www.notredamelacouronne.fr\/news\/wp-content\/uploads\/2020\/05\/DSCN7875bis-300x225.jpg\" alt=\"\" class=\"wp-image-5537\" srcset=\"https:\/\/www.notredamelacouronne.fr\/news\/wp-content\/uploads\/2020\/05\/DSCN7875bis-300x225.jpg 300w, https:\/\/www.notredamelacouronne.fr\/news\/wp-content\/uploads\/2020\/05\/DSCN7875bis.jpg 500w\" sizes=\"auto, (max-width: 300px) 100vw, 300px\" \/><\/figure><\/div>\n\n\n\n<div class=\"wp-block-image\"><figure class=\"aligncenter size-large\"><img loading=\"lazy\" decoding=\"async\" width=\"300\" height=\"225\" src=\"https:\/\/www.notredamelacouronne.fr\/news\/wp-content\/uploads\/2020\/05\/DSCN7879bis-300x225.jpg\" alt=\"\" class=\"wp-image-5538\" srcset=\"https:\/\/www.notredamelacouronne.fr\/news\/wp-content\/uploads\/2020\/05\/DSCN7879bis-300x225.jpg 300w, https:\/\/www.notredamelacouronne.fr\/news\/wp-content\/uploads\/2020\/05\/DSCN7879bis.jpg 500w\" sizes=\"auto, (max-width: 300px) 100vw, 300px\" \/><\/figure><\/div>\n","protected":false},"excerpt":{"rendered":"<p>_<\/p>\n","protected":false},"author":4,"featured_media":0,"comment_status":"closed","ping_status":"closed","sticky":false,"template":"","format":"standard","meta":{"footnotes":""},"categories":[2],"tags":[],"class_list":["post-5536","post","type-post","status-publish","format-standard","hentry","category-vie-des-classes"],"_links":{"self":[{"href":"https:\/\/www.notredamelacouronne.fr\/news\/wp-json\/wp\/v2\/posts\/5536","targetHints":{"allow":["GET"]}}],"collection":[{"href":"https:\/\/www.notredamelacouronne.fr\/news\/wp-json\/wp\/v2\/posts"}],"about":[{"href":"https:\/\/www.notredamelacouronne.fr\/news\/wp-json\/wp\/v2\/types\/post"}],"author":[{"embeddable":true,"href":"https:\/\/www.notredamelacouronne.fr\/news\/wp-json\/wp\/v2\/users\/4"}],"replies":[{"embeddable":true,"href":"https:\/\/www.notredamelacouronne.fr\/news\/wp-json\/wp\/v2\/comments?post=5536"}],"version-history":[{"count":0,"href":"https:\/\/www.notredamelacouronne.fr\/news\/wp-json\/wp\/v2\/posts\/5536\/revisions"}],"wp:attachment":[{"href":"https:\/\/www.notredamelacouronne.fr\/news\/wp-json\/wp\/v2\/media?parent=5536"}],"wp:term":[{"taxonomy":"category","embeddable":true,"href":"https:\/\/www.notredamelacouronne.fr\/news\/wp-json\/wp\/v2\/categories?post=5536"},{"taxonomy":"post_tag","embeddable":true,"href":"https:\/\/www.notredamelacouronne.fr\/news\/wp-json\/wp\/v2\/tags?post=5536"}],"curies":[{"name":"wp","href":"https:\/\/api.w.org\/{rel}","templated":true}]}}