{"id":5495,"date":"2020-03-13T08:38:20","date_gmt":"2020-03-13T08:38:20","guid":{"rendered":"http:\/\/www.notredamelacouronne.fr\/news\/?p=5495"},"modified":"2020-03-13T09:39:55","modified_gmt":"2020-03-13T08:39:55","slug":"covid-19-vendredi-13-mars","status":"publish","type":"post","link":"https:\/\/www.notredamelacouronne.fr\/news\/2020\/03\/covid-19-vendredi-13-mars\/","title":{"rendered":"COVID 19 vendredi 13 mars"},"content":{"rendered":"<div>\n<p>Bonjour \u00e0 tous,      <\/p>\n<p>J&rsquo;essaierai de vous tenir inform\u00e9 le plus souvent possible en        utilisant <b>l<\/b><b>e blog de l&rsquo;\u00e9cole. <\/b>      <\/p>\n<p>Je sais que certaines familles dont le nom se situe en fin de        l&rsquo;alphabet re\u00e7oivent les informations plus tardivement. Je        communiquerai \u00e9galement par le Facebook de l&rsquo;\u00e9cole en renvoyant        syst\u00e9matiquement les messages \u00e0 l&rsquo;APEL.       <\/p>\n<p>Veuillez trouver en PJ (\u00e9galement dans les cahiers ce soir)        l&rsquo;int\u00e9gralit\u00e9 du message vid\u00e9o de monsieur Blanquer diffus\u00e9 hier        soir (jeudi 12 mars)<\/p>\n<p>Bien cordialement.      <\/p>\n<\/p><\/div>\n<div class=\"postie-attachments\"><a href=\"https:\/\/www.notredamelacouronne.fr\/news\/wp-content\/uploads\/2020\/03\/coronavirus-retranscription-message-ministre-12-03-51972.rtf\"><img src='https:\/\/www.notredamelacouronne.fr\/news\/wp-content\/plugins\/postie\/icons\/silver\/default-32.png' alt='default icon' \/> coronavirus-retranscription-message-ministre-12-03-51972.rtf<\/a><br \/>\n<a href=\"https:\/\/www.notredamelacouronne.fr\/news\/?attachment_id=5497\"><img decoding=\"async\" src=\"https:\/\/www.notredamelacouronne.fr\/news\/wp-content\/uploads\/2020\/03\/signature-Vic-1-1.jpg\" alt=\"\" width=\"226px\" height=\"121px\" class=\"alignnone size-medium wp-image-5497\" \/><\/a><\/div>\n","protected":false},"excerpt":{"rendered":"<p>_<\/p>\n","protected":false},"author":6,"featured_media":0,"comment_status":"closed","ping_status":"closed","sticky":false,"template":"","format":"standard","meta":{"footnotes":""},"categories":[1],"tags":[],"class_list":["post-5495","post","type-post","status-publish","format-standard","hentry","category-non-classe"],"_links":{"self":[{"href":"https:\/\/www.notredamelacouronne.fr\/news\/wp-json\/wp\/v2\/posts\/5495","targetHints":{"allow":["GET"]}}],"collection":[{"href":"https:\/\/www.notredamelacouronne.fr\/news\/wp-json\/wp\/v2\/posts"}],"about":[{"href":"https:\/\/www.notredamelacouronne.fr\/news\/wp-json\/wp\/v2\/types\/post"}],"author":[{"embeddable":true,"href":"https:\/\/www.notredamelacouronne.fr\/news\/wp-json\/wp\/v2\/users\/6"}],"replies":[{"embeddable":true,"href":"https:\/\/www.notredamelacouronne.fr\/news\/wp-json\/wp\/v2\/comments?post=5495"}],"version-history":[{"count":0,"href":"https:\/\/www.notredamelacouronne.fr\/news\/wp-json\/wp\/v2\/posts\/5495\/revisions"}],"wp:attachment":[{"href":"https:\/\/www.notredamelacouronne.fr\/news\/wp-json\/wp\/v2\/media?parent=5495"}],"wp:term":[{"taxonomy":"category","embeddable":true,"href":"https:\/\/www.notredamelacouronne.fr\/news\/wp-json\/wp\/v2\/categories?post=5495"},{"taxonomy":"post_tag","embeddable":true,"href":"https:\/\/www.notredamelacouronne.fr\/news\/wp-json\/wp\/v2\/tags?post=5495"}],"curies":[{"name":"wp","href":"https:\/\/api.w.org\/{rel}","templated":true}]}}