{"id":5478,"date":"2020-02-28T12:35:20","date_gmt":"2020-02-28T12:35:20","guid":{"rendered":"http:\/\/www.notredamelacouronne.fr\/news\/?p=5478"},"modified":"2020-02-28T13:40:38","modified_gmt":"2020-02-28T12:40:38","slug":"information-rectorat-covid-19","status":"publish","type":"post","link":"https:\/\/www.notredamelacouronne.fr\/news\/2020\/02\/information-rectorat-covid-19\/","title":{"rendered":"Information Rectorat COVID-19"},"content":{"rendered":"<div>\n<p><i>Je vous remercie de bien vouloir prendre en haute          consid\u00e9ration la note ci-jointe de Madame la rectrice, relatif          aux <\/i><i><b>consignes face \u00e0 l&rsquo;\u00e9volution de la diffusion du            virus du coronavirus SARS-CoV-2<\/b><\/i><i>.<\/i><i><br \/>        <\/i> <i><br \/>        <\/i><i>\u00a0Madame la rectrice\u00a0 demande \u00e0 tous les chefs          d&rsquo;\u00e9tablissement de <\/i><i><b>diffuser cette note aupr\u00e8s de            l&rsquo;ensemble des personnels sous leur autorit\u00e9 et des personnels            en activit\u00e9 dans leurs \u00e9tablissements<\/b><\/i><i><b><i> ainsi              qu&rsquo;\u00e0\u00a0<\/i><i><b> tous les parents d&rsquo;\u00e9l\u00e8ves<\/b><\/i><i>.<\/i><\/b><\/i><i><br \/>        <\/i>\u00a0<i><\/i>      <\/p>\n<div class=\"moz-signature\"><img decoding=\"async\"          src=\"https:\/\/www.notredamelacouronne.fr\/news\/wp-content\/uploads\/2020\/02\/hpapgndofepecjca.png\" alt=\"\"><\/div>\n<div class=\"moz-signature\"><img decoding=\"async\"          src=\"https:\/\/www.notredamelacouronne.fr\/news\/wp-content\/uploads\/2020\/02\/ikpbipbkidkkcogk.png\" alt=\"\"><\/div>\n<\/p><\/div>\n<div class=\"postie-attachments\"><a href=\"https:\/\/www.notredamelacouronne.fr\/news\/wp-content\/uploads\/2020\/02\/2020_134_C_INFORMATION_PARENTS.pdf\"><img src='https:\/\/www.notredamelacouronne.fr\/news\/wp-content\/plugins\/postie\/icons\/silver\/pdf-32.png' alt='pdf icon' \/> 2020_134_C_INFORMATION_PARENTS.pdf<\/a><\/div>\n","protected":false},"excerpt":{"rendered":"<p>_<\/p>\n","protected":false},"author":6,"featured_media":0,"comment_status":"closed","ping_status":"closed","sticky":false,"template":"","format":"standard","meta":{"footnotes":""},"categories":[1],"tags":[],"class_list":["post-5478","post","type-post","status-publish","format-standard","hentry","category-non-classe"],"_links":{"self":[{"href":"https:\/\/www.notredamelacouronne.fr\/news\/wp-json\/wp\/v2\/posts\/5478","targetHints":{"allow":["GET"]}}],"collection":[{"href":"https:\/\/www.notredamelacouronne.fr\/news\/wp-json\/wp\/v2\/posts"}],"about":[{"href":"https:\/\/www.notredamelacouronne.fr\/news\/wp-json\/wp\/v2\/types\/post"}],"author":[{"embeddable":true,"href":"https:\/\/www.notredamelacouronne.fr\/news\/wp-json\/wp\/v2\/users\/6"}],"replies":[{"embeddable":true,"href":"https:\/\/www.notredamelacouronne.fr\/news\/wp-json\/wp\/v2\/comments?post=5478"}],"version-history":[{"count":0,"href":"https:\/\/www.notredamelacouronne.fr\/news\/wp-json\/wp\/v2\/posts\/5478\/revisions"}],"wp:attachment":[{"href":"https:\/\/www.notredamelacouronne.fr\/news\/wp-json\/wp\/v2\/media?parent=5478"}],"wp:term":[{"taxonomy":"category","embeddable":true,"href":"https:\/\/www.notredamelacouronne.fr\/news\/wp-json\/wp\/v2\/categories?post=5478"},{"taxonomy":"post_tag","embeddable":true,"href":"https:\/\/www.notredamelacouronne.fr\/news\/wp-json\/wp\/v2\/tags?post=5478"}],"curies":[{"name":"wp","href":"https:\/\/api.w.org\/{rel}","templated":true}]}}