{"id":5470,"date":"2020-02-16T17:02:52","date_gmt":"2020-02-16T16:02:52","guid":{"rendered":"http:\/\/www.notredamelacouronne.fr\/news\/?p=5470"},"modified":"2020-02-16T17:02:52","modified_gmt":"2020-02-16T16:02:52","slug":"judo-en-cp-et-ce1","status":"publish","type":"post","link":"https:\/\/www.notredamelacouronne.fr\/news\/2020\/02\/judo-en-cp-et-ce1\/","title":{"rendered":"Judo en CP et CE1"},"content":{"rendered":"\n<div class=\"wp-block-image is-style-default\"><figure class=\"aligncenter size-large\"><img loading=\"lazy\" decoding=\"async\" width=\"300\" height=\"225\" src=\"https:\/\/www.notredamelacouronne.fr\/news\/wp-content\/uploads\/2020\/02\/Resized_20191107_150115_63801-300x225.jpg\" alt=\"\" class=\"wp-image-5469\" srcset=\"https:\/\/www.notredamelacouronne.fr\/news\/wp-content\/uploads\/2020\/02\/Resized_20191107_150115_63801-300x225.jpg 300w, https:\/\/www.notredamelacouronne.fr\/news\/wp-content\/uploads\/2020\/02\/Resized_20191107_150115_63801-768x576.jpg 768w, https:\/\/www.notredamelacouronne.fr\/news\/wp-content\/uploads\/2020\/02\/Resized_20191107_150115_63801-600x450.jpg 600w, https:\/\/www.notredamelacouronne.fr\/news\/wp-content\/uploads\/2020\/02\/Resized_20191107_150115_63801-730x548.jpg 730w, https:\/\/www.notredamelacouronne.fr\/news\/wp-content\/uploads\/2020\/02\/Resized_20191107_150115_63801.jpg 1440w\" sizes=\"auto, (max-width: 300px) 100vw, 300px\" \/><figcaption>Les CE1<\/figcaption><\/figure><\/div>\n\n\n\n<p><\/p>\n\n\n\n<p>Les \u00e9l\u00e8ves de la classe de CE1 puis les CP ont profit\u00e9 de 6 s\u00e9ances de judo durant la 2\u00e8me puis la 3\u00e8me p\u00e9riode.<\/p>\n\n\n\n<div class=\"wp-block-image\"><figure class=\"aligncenter size-large\"><img loading=\"lazy\" decoding=\"async\" width=\"300\" height=\"225\" src=\"https:\/\/www.notredamelacouronne.fr\/news\/wp-content\/uploads\/2020\/02\/judo5cp-300x225.jpg\" alt=\"\" class=\"wp-image-5464\" srcset=\"https:\/\/www.notredamelacouronne.fr\/news\/wp-content\/uploads\/2020\/02\/judo5cp-300x225.jpg 300w, https:\/\/www.notredamelacouronne.fr\/news\/wp-content\/uploads\/2020\/02\/judo5cp.jpg 450w\" sizes=\"auto, (max-width: 300px) 100vw, 300px\" \/><figcaption>Les CP<\/figcaption><\/figure><\/div>\n\n\n\n<p>Fanny, la professeure de judo, leur a appris quelques termes sp\u00e9cifiques comme \u00ab\u00a0HAJIME\u00a0\u00bb (commencez), \u00ab\u00a0MATTE\u00a0\u00bb (arr\u00eatez) et \u00ab\u00a0REI\u00a0\u00bb (saluez), ainsi  que des prises de base utilis\u00e9es lors des combats.<\/p>\n\n\n\n<div class=\"wp-block-image\"><figure class=\"aligncenter size-large\"><img loading=\"lazy\" decoding=\"async\" width=\"300\" height=\"225\" src=\"https:\/\/www.notredamelacouronne.fr\/news\/wp-content\/uploads\/2020\/02\/Resized_20191107_153502_2791-300x225.jpg\" alt=\"\" class=\"wp-image-5468\" srcset=\"https:\/\/www.notredamelacouronne.fr\/news\/wp-content\/uploads\/2020\/02\/Resized_20191107_153502_2791-300x225.jpg 300w, https:\/\/www.notredamelacouronne.fr\/news\/wp-content\/uploads\/2020\/02\/Resized_20191107_153502_2791-768x576.jpg 768w, https:\/\/www.notredamelacouronne.fr\/news\/wp-content\/uploads\/2020\/02\/Resized_20191107_153502_2791-600x450.jpg 600w, https:\/\/www.notredamelacouronne.fr\/news\/wp-content\/uploads\/2020\/02\/Resized_20191107_153502_2791-730x548.jpg 730w, https:\/\/www.notredamelacouronne.fr\/news\/wp-content\/uploads\/2020\/02\/Resized_20191107_153502_2791.jpg 1440w\" sizes=\"auto, (max-width: 300px) 100vw, 300px\" \/><\/figure><\/div>\n\n\n\n<div class=\"wp-block-image\"><figure class=\"aligncenter size-large\"><img loading=\"lazy\" decoding=\"async\" width=\"300\" height=\"225\" src=\"https:\/\/www.notredamelacouronne.fr\/news\/wp-content\/uploads\/2020\/02\/Resized_20191107_153456_29651-300x225.jpg\" alt=\"\" class=\"wp-image-5467\" srcset=\"https:\/\/www.notredamelacouronne.fr\/news\/wp-content\/uploads\/2020\/02\/Resized_20191107_153456_29651-300x225.jpg 300w, https:\/\/www.notredamelacouronne.fr\/news\/wp-content\/uploads\/2020\/02\/Resized_20191107_153456_29651-768x576.jpg 768w, https:\/\/www.notredamelacouronne.fr\/news\/wp-content\/uploads\/2020\/02\/Resized_20191107_153456_29651-600x450.jpg 600w, https:\/\/www.notredamelacouronne.fr\/news\/wp-content\/uploads\/2020\/02\/Resized_20191107_153456_29651-730x547.jpg 730w, https:\/\/www.notredamelacouronne.fr\/news\/wp-content\/uploads\/2020\/02\/Resized_20191107_153456_29651.jpg 810w\" sizes=\"auto, (max-width: 300px) 100vw, 300px\" \/><\/figure><\/div>\n\n\n\n<p>Les \u00e9l\u00e8ves se sont affront\u00e9s tant\u00f4t au sol, \u00e0 genoux ou debout. Ils sont devenus de vrais petits judokas !<\/p>\n\n\n\n<div class=\"wp-block-image\"><figure class=\"aligncenter size-large\"><img loading=\"lazy\" decoding=\"async\" width=\"300\" height=\"225\" src=\"https:\/\/www.notredamelacouronne.fr\/news\/wp-content\/uploads\/2020\/02\/judo1cp-300x225.jpg\" alt=\"\" class=\"wp-image-5460\" srcset=\"https:\/\/www.notredamelacouronne.fr\/news\/wp-content\/uploads\/2020\/02\/judo1cp-300x225.jpg 300w, https:\/\/www.notredamelacouronne.fr\/news\/wp-content\/uploads\/2020\/02\/judo1cp.jpg 450w\" sizes=\"auto, (max-width: 300px) 100vw, 300px\" \/><\/figure><\/div>\n\n\n\n<div class=\"wp-block-image\"><figure class=\"aligncenter size-large\"><img loading=\"lazy\" decoding=\"async\" width=\"300\" height=\"225\" src=\"https:\/\/www.notredamelacouronne.fr\/news\/wp-content\/uploads\/2020\/02\/judo2cp-300x225.jpg\" alt=\"\" class=\"wp-image-5461\" srcset=\"https:\/\/www.notredamelacouronne.fr\/news\/wp-content\/uploads\/2020\/02\/judo2cp-300x225.jpg 300w, https:\/\/www.notredamelacouronne.fr\/news\/wp-content\/uploads\/2020\/02\/judo2cp.jpg 450w\" sizes=\"auto, (max-width: 300px) 100vw, 300px\" \/><figcaption>Voici les 7 vainqueurs des combats en CP<\/figcaption><\/figure><\/div>\n\n\n\n<div class=\"wp-block-image\"><figure class=\"aligncenter size-large\"><img loading=\"lazy\" decoding=\"async\" width=\"300\" height=\"225\" src=\"https:\/\/www.notredamelacouronne.fr\/news\/wp-content\/uploads\/2020\/02\/judo4cp-300x225.jpg\" alt=\"\" class=\"wp-image-5463\" srcset=\"https:\/\/www.notredamelacouronne.fr\/news\/wp-content\/uploads\/2020\/02\/judo4cp-300x225.jpg 300w, https:\/\/www.notredamelacouronne.fr\/news\/wp-content\/uploads\/2020\/02\/judo4cp.jpg 450w\" sizes=\"auto, (max-width: 300px) 100vw, 300px\" \/><\/figure><\/div>\n\n\n\n<div class=\"wp-block-image\"><figure class=\"aligncenter size-large\"><img loading=\"lazy\" decoding=\"async\" width=\"300\" height=\"225\" src=\"https:\/\/www.notredamelacouronne.fr\/news\/wp-content\/uploads\/2020\/02\/judo3cpJPG-300x225.jpg\" alt=\"\" class=\"wp-image-5462\" srcset=\"https:\/\/www.notredamelacouronne.fr\/news\/wp-content\/uploads\/2020\/02\/judo3cpJPG-300x225.jpg 300w, https:\/\/www.notredamelacouronne.fr\/news\/wp-content\/uploads\/2020\/02\/judo3cpJPG.jpg 450w\" sizes=\"auto, (max-width: 300px) 100vw, 300px\" \/><\/figure><\/div>\n\n\n\n<p>Apr\u00e8s le judo et un travail sur la course, les CE1 vont d\u00e9couvrir d\u00e9sormais la zumba. Quant aux \u00e9l\u00e8ves de CP, ils vont travailler l&rsquo;endurance et les jeux collectifs. Un programme sportif vari\u00e9 ! <\/p>\n\n\n\n<p>Pour plus de renseignements : La Couronne Grand-Angoul\u00eame JUDO           t\u00e9l : 0676539568 ou par e-mail : \u00ab\u00a0lcgaj@lcgaj.com\u00a0\u00bb<\/p>\n","protected":false},"excerpt":{"rendered":"<p>_<\/p>\n","protected":false},"author":4,"featured_media":0,"comment_status":"closed","ping_status":"closed","sticky":false,"template":"","format":"standard","meta":{"footnotes":""},"categories":[2],"tags":[],"class_list":["post-5470","post","type-post","status-publish","format-standard","hentry","category-vie-des-classes"],"_links":{"self":[{"href":"https:\/\/www.notredamelacouronne.fr\/news\/wp-json\/wp\/v2\/posts\/5470","targetHints":{"allow":["GET"]}}],"collection":[{"href":"https:\/\/www.notredamelacouronne.fr\/news\/wp-json\/wp\/v2\/posts"}],"about":[{"href":"https:\/\/www.notredamelacouronne.fr\/news\/wp-json\/wp\/v2\/types\/post"}],"author":[{"embeddable":true,"href":"https:\/\/www.notredamelacouronne.fr\/news\/wp-json\/wp\/v2\/users\/4"}],"replies":[{"embeddable":true,"href":"https:\/\/www.notredamelacouronne.fr\/news\/wp-json\/wp\/v2\/comments?post=5470"}],"version-history":[{"count":0,"href":"https:\/\/www.notredamelacouronne.fr\/news\/wp-json\/wp\/v2\/posts\/5470\/revisions"}],"wp:attachment":[{"href":"https:\/\/www.notredamelacouronne.fr\/news\/wp-json\/wp\/v2\/media?parent=5470"}],"wp:term":[{"taxonomy":"category","embeddable":true,"href":"https:\/\/www.notredamelacouronne.fr\/news\/wp-json\/wp\/v2\/categories?post=5470"},{"taxonomy":"post_tag","embeddable":true,"href":"https:\/\/www.notredamelacouronne.fr\/news\/wp-json\/wp\/v2\/tags?post=5470"}],"curies":[{"name":"wp","href":"https:\/\/api.w.org\/{rel}","templated":true}]}}