{"id":5399,"date":"2020-01-20T11:16:15","date_gmt":"2020-01-20T10:16:15","guid":{"rendered":"http:\/\/www.notredamelacouronne.fr\/news\/?p=5399"},"modified":"2020-02-16T13:11:01","modified_gmt":"2020-02-16T12:11:01","slug":"foulees-dangouleme","status":"publish","type":"post","link":"https:\/\/www.notredamelacouronne.fr\/news\/2020\/01\/foulees-dangouleme\/","title":{"rendered":"Foul\u00e9es d\u2019Angoul\u00eame"},"content":{"rendered":"<div>\n<div class=\"moz-forward-container\">\n<div><span style=\"caret-color: rgb(28, 30, 33); color: rgb(28, 30, 33); font-family: system-ui, -apple-system, BlinkMacSystemFont, &quot;.SFNSText-Regular&quot;, sans-serif; font-size: 12px; white-space: pre-wrap; background-color: rgb(255, 255, 255);\">  <\/span><\/div>\n<div><span style=\"caret-color: rgb(28, 30, 33); color: rgb(28, 30, 33); font-family: system-ui, -apple-system, BlinkMacSystemFont, &quot;.SFNSText-Regular&quot;, sans-serif; font-size: 12px; white-space: pre-wrap; background-color: rgb(255, 255, 255);\">  <\/span><\/div>\n<div><span style=\"caret-color: rgb(28, 30, 33); color: rgb(28, 30, 33); font-family: system-ui, -apple-system, BlinkMacSystemFont, &quot;.SFNSText-Regular&quot;, sans-serif; font-size: 12px; white-space: pre-wrap; background-color: rgb(255, 255, 255);\">  <\/span><\/div>\n<div><b><font size=\"+3\"><span style=\"caret-color: rgb(28, 30, 33); color: rgb(28, 30, 33); font-family: system-ui, -apple-system, BlinkMacSystemFont, &quot;.SFNSText-Regular&quot;, sans-serif; font-size: 12px; white-space: pre-wrap; background-color: rgb(255, 255, 255);\">Pour le plaisir de se retrouver et de partager un moment tous ensemble&#x1f60a;, l\u2019Apel (avec l\u2019aide d\u2019un papa tr\u00e8s motiv\u00e9) a cr\u00e9\u00e9 un groupe \u00ab\u00a0APEL notre dame\u00a0\u00bbpour les foul\u00e9es d\u2019Angoul\u00eame !   <\/span><\/font><\/b><\/div>\n<div><b><font size=\"+3\"><span style=\"caret-color: rgb(28, 30, 33); color: rgb(28, 30, 33); font-family: system-ui, -apple-system, BlinkMacSystemFont, &quot;.SFNSText-Regular&quot;, sans-serif; font-size: 12px; white-space: pre-wrap; background-color: rgb(255, 255, 255);\">C\u2019est l\u2019occasion de se r\u00e9unir petits et grands&#x1f44d;&#x1f3fb; les inscriptions pour les adultes se font via le lien:\u00a0<\/span><\/font><\/b><\/div>\n<div>        <\/div>\n<div><a  href=\"https:\/\/www.njuko.net\/fouleesg2a\/auto-login-group-and-redirect\/97482\/2f5d8445afb102ecd7c36652acd13108\/RegistrationsList?fbclid=IwAR2GK2ln9DtlCcuuVPb6yqR-yCrHWk7qW36Ku0SpE3xnqsweiRODSyOBPPg\"            moz-do-not-send=\"true\">https:\/\/www.njuko.net\/fouleesg2a\/auto-login-group-and-redirect\/97482\/2f5d8445afb102ecd7c36652acd13108\/RegistrationsList?fbclid=IwAR2GK2ln9DtlCcuuVPb6yqR-yCrHWk7qW36Ku0SpE3xnqsweiRODSyOBPPg<\/a><\/div>\n<div>\u00a0\u00a0<\/div>\n<div><i>Les enfants peuvent s\u2019inscrire par le site et rejoindre le            groupe APEL par la suite.<\/i><\/div>\n<div><i><br \/>          <\/i><\/div>\n<div><i>Plus d\u2019informations sur le Facebook de l\u2019APEL notre Dame .<\/i><\/div>\n<div>          <img decoding=\"async\" src=\"https:\/\/www.notredamelacouronne.fr\/news\/wp-content\/uploads\/2020\/01\/image1.png\" class=\"\">        <\/div>\n<div><span style=\"-webkit-tap-highlight-color: rgba(0, 0, 0, 0);\"><br \/>          <\/span>          <\/p>\n<div dir=\"ltr\">Envoy\u00e9 de mon iPad<\/div>\n<\/p><\/div>\n<\/p><\/div>\n<\/p><\/div>\n","protected":false},"excerpt":{"rendered":"<p>_<\/p>\n","protected":false},"author":6,"featured_media":0,"comment_status":"closed","ping_status":"closed","sticky":false,"template":"","format":"standard","meta":{"footnotes":""},"categories":[7],"tags":[],"class_list":["post-5399","post","type-post","status-publish","format-standard","hentry","category-animations-apel"],"_links":{"self":[{"href":"https:\/\/www.notredamelacouronne.fr\/news\/wp-json\/wp\/v2\/posts\/5399","targetHints":{"allow":["GET"]}}],"collection":[{"href":"https:\/\/www.notredamelacouronne.fr\/news\/wp-json\/wp\/v2\/posts"}],"about":[{"href":"https:\/\/www.notredamelacouronne.fr\/news\/wp-json\/wp\/v2\/types\/post"}],"author":[{"embeddable":true,"href":"https:\/\/www.notredamelacouronne.fr\/news\/wp-json\/wp\/v2\/users\/6"}],"replies":[{"embeddable":true,"href":"https:\/\/www.notredamelacouronne.fr\/news\/wp-json\/wp\/v2\/comments?post=5399"}],"version-history":[{"count":0,"href":"https:\/\/www.notredamelacouronne.fr\/news\/wp-json\/wp\/v2\/posts\/5399\/revisions"}],"wp:attachment":[{"href":"https:\/\/www.notredamelacouronne.fr\/news\/wp-json\/wp\/v2\/media?parent=5399"}],"wp:term":[{"taxonomy":"category","embeddable":true,"href":"https:\/\/www.notredamelacouronne.fr\/news\/wp-json\/wp\/v2\/categories?post=5399"},{"taxonomy":"post_tag","embeddable":true,"href":"https:\/\/www.notredamelacouronne.fr\/news\/wp-json\/wp\/v2\/tags?post=5399"}],"curies":[{"name":"wp","href":"https:\/\/api.w.org\/{rel}","templated":true}]}}