{"id":5269,"date":"2019-12-20T15:10:15","date_gmt":"2019-12-20T15:10:15","guid":{"rendered":"http:\/\/www.notredamelacouronne.fr\/news\/?p=5269"},"modified":"2019-12-26T19:22:49","modified_gmt":"2019-12-26T18:22:49","slug":"le-petit-ane-de-bethleem","status":"publish","type":"post","link":"https:\/\/www.notredamelacouronne.fr\/news\/2019\/12\/le-petit-ane-de-bethleem\/","title":{"rendered":"Le petit \u00e2ne de Bethleem"},"content":{"rendered":"<div>\n<p>Ce matin nous avons regard\u00e9 ensemble(les 3classes de maternelle) le petit \u00e2ne de Bethleem. Il a \u00e9t\u00e9 bien courageux ce petit \u00e2ne!<img decoding=\"async\" src=\"https:\/\/www.notredamelacouronne.fr\/news\/wp-content\/uploads\/2019\/12\/image0-1.jpeg\" \/><img decoding=\"async\" src=\"https:\/\/www.notredamelacouronne.fr\/news\/wp-content\/uploads\/2019\/12\/image1-1.jpeg\" \/><img decoding=\"async\" src=\"https:\/\/www.notredamelacouronne.fr\/news\/wp-content\/uploads\/2019\/12\/image2-1.jpeg\" \/><\/p>\n<div dir=\"ltr\">Envoy\u00e9 de mon iPhone<\/div>\n<\/div>\n","protected":false},"excerpt":{"rendered":"<p>_<\/p>\n","protected":false},"author":680,"featured_media":0,"comment_status":"closed","ping_status":"closed","sticky":false,"template":"","format":"standard","meta":{"footnotes":""},"categories":[6],"tags":[],"class_list":["post-5269","post","type-post","status-publish","format-standard","hentry","category-pastorale"],"_links":{"self":[{"href":"https:\/\/www.notredamelacouronne.fr\/news\/wp-json\/wp\/v2\/posts\/5269","targetHints":{"allow":["GET"]}}],"collection":[{"href":"https:\/\/www.notredamelacouronne.fr\/news\/wp-json\/wp\/v2\/posts"}],"about":[{"href":"https:\/\/www.notredamelacouronne.fr\/news\/wp-json\/wp\/v2\/types\/post"}],"author":[{"embeddable":true,"href":"https:\/\/www.notredamelacouronne.fr\/news\/wp-json\/wp\/v2\/users\/680"}],"replies":[{"embeddable":true,"href":"https:\/\/www.notredamelacouronne.fr\/news\/wp-json\/wp\/v2\/comments?post=5269"}],"version-history":[{"count":0,"href":"https:\/\/www.notredamelacouronne.fr\/news\/wp-json\/wp\/v2\/posts\/5269\/revisions"}],"wp:attachment":[{"href":"https:\/\/www.notredamelacouronne.fr\/news\/wp-json\/wp\/v2\/media?parent=5269"}],"wp:term":[{"taxonomy":"category","embeddable":true,"href":"https:\/\/www.notredamelacouronne.fr\/news\/wp-json\/wp\/v2\/categories?post=5269"},{"taxonomy":"post_tag","embeddable":true,"href":"https:\/\/www.notredamelacouronne.fr\/news\/wp-json\/wp\/v2\/tags?post=5269"}],"curies":[{"name":"wp","href":"https:\/\/api.w.org\/{rel}","templated":true}]}}