{"id":5166,"date":"2019-10-25T15:01:01","date_gmt":"2019-10-25T14:01:01","guid":{"rendered":"http:\/\/www.notredamelacouronne.fr\/news\/?p=5166"},"modified":"2019-10-25T15:01:01","modified_gmt":"2019-10-25T14:01:01","slug":"pastorale-aimer-cest-grandir","status":"publish","type":"post","link":"https:\/\/www.notredamelacouronne.fr\/news\/2019\/10\/pastorale-aimer-cest-grandir\/","title":{"rendered":"Pastorale : \u00ab\u00a0Aimer, c&rsquo;est grandir !\u00a0\u00bb"},"content":{"rendered":"<p>&nbsp;<\/p>\n<p><img loading=\"lazy\" decoding=\"async\" class=\"aligncenter size-full wp-image-5167\" src=\"https:\/\/www.notredamelacouronne.fr\/news\/wp-content\/uploads\/2019\/10\/Capture.png\" alt=\"\" width=\"395\" height=\"259\" srcset=\"https:\/\/www.notredamelacouronne.fr\/news\/wp-content\/uploads\/2019\/10\/Capture.png 395w, https:\/\/www.notredamelacouronne.fr\/news\/wp-content\/uploads\/2019\/10\/Capture-300x197.png 300w\" sizes=\"auto, (max-width: 395px) 100vw, 395px\" \/><\/p>\n<p>Comme chaque ann\u00e9e, les \u00e9l\u00e8ves de maternelle et de primaire ont \u00e9t\u00e9 appel\u00e9s \u00e0 se rencontrer en ce d\u00e9but d\u2019ann\u00e9e scolaire autour d\u2019une premi\u00e8re animation pastorale dans le but d\u2019offrir \u00e0 tous et \u00e0 chacun la possibilit\u00e9 de d\u00e9couvrir le Christ.<\/p>\n<p>Pour les maternelles, le th\u00e8me g\u00e9n\u00e9ral \u00e9tait\u00a0: \u00ab<em>\u00a0Mais moi, j\u2019ai envie<\/em>\u00a0\u00bb.<\/p>\n<p>Nous vivons ensemble \u00e0 l\u2019\u00e9cole, mais aussi \u00e0 la maison, en club de sport. Pour cela nous avons besoin de r\u00e8gles, les enfants ont tr\u00e8s bien r\u00e9ussi \u00e0 les nommer. Dieu a lui aussi donner des r\u00e8gles pour que les hommes vivent bien, ensemble.<\/p>\n<p>Nous nous sommes redis les mots \u00ab\u00a0qui font du bien\u00a0\u00bb pour vivre ensemble\u00a0: bonjour, s\u2019il te pla\u00eet, merci, bonsoir ou bonne nuit, mais aussi pardon. Ces mots, nous les disons \u00e0 notre famille, \u00e0 nos amis, \u00e0 nos ma\u00eetresses, nous pouvons aussi les dire \u00e0 Dieu.<\/p>\n<p>\u00ab\u00a0Bonjour J\u00e9sus, je suis content de commencer une nouvelle journ\u00e9e\u00a0et je te l\u2019offre\u00a0\u00bb. \u00ab\u00a0S\u2019il te pla\u00eet, J\u00e9sus, aide moi \u00e0 respecter les r\u00e8gles\u00a0\u00bb. \u00ab\u00a0Merci J\u00e9sus pour m\u2019avoir fait rencontrer mes copains\u00a0\u00bb. \u00ab\u00a0Bonne nuit J\u00e9sus, je t\u2019offre mon repos\u00a0\u00bb. \u00ab\u00a0Quand je dis pardon \u00e0 un copain c\u2019est aussi \u00e0 toi, J\u00e9sus, que je demande pardon\u00a0\u00bb.<\/p>\n<p><img loading=\"lazy\" decoding=\"async\" class=\"aligncenter size-full wp-image-5172\" src=\"https:\/\/www.notredamelacouronne.fr\/news\/wp-content\/uploads\/2019\/10\/Capture.1PNG.png\" alt=\"\" width=\"593\" height=\"450\" srcset=\"https:\/\/www.notredamelacouronne.fr\/news\/wp-content\/uploads\/2019\/10\/Capture.1PNG.png 593w, https:\/\/www.notredamelacouronne.fr\/news\/wp-content\/uploads\/2019\/10\/Capture.1PNG-300x228.png 300w\" sizes=\"auto, (max-width: 593px) 100vw, 593px\" \/> <img loading=\"lazy\" decoding=\"async\" class=\"aligncenter size-full wp-image-5173\" src=\"https:\/\/www.notredamelacouronne.fr\/news\/wp-content\/uploads\/2019\/10\/Capture-1.png\" alt=\"\" width=\"602\" height=\"415\" srcset=\"https:\/\/www.notredamelacouronne.fr\/news\/wp-content\/uploads\/2019\/10\/Capture-1.png 602w, https:\/\/www.notredamelacouronne.fr\/news\/wp-content\/uploads\/2019\/10\/Capture-1-300x207.png 300w, https:\/\/www.notredamelacouronne.fr\/news\/wp-content\/uploads\/2019\/10\/Capture-1-600x414.png 600w\" sizes=\"auto, (max-width: 602px) 100vw, 602px\" \/><\/p>\n<p>&nbsp;<\/p>\n<p>Pour les primaires, c\u2019est sur le th\u00e8me \u00ab\u00a0<em>Aimer, c\u2019est grandir<\/em>\u00a0\u00bb qu\u2019ils ont pu \u00e9changer avec leurs camarades et leurs enseignantes.<\/p>\n<p>Petits et grands ont r\u00e9alis\u00e9 que si la vie avec les autres ne permet pas \u00e0 chacun de faire ce qu\u2019il veut, il y a toujours des r\u00e8gles pour nous indiquer ce qui est bon pour soi et pour les autres. La Parole de Dieu est l\u00e0 pour nous aider \u00e0 faire les bons choix.<\/p>\n<p>Puisque les choix pos\u00e9s dans l\u2019amour conduisent \u00e0 la vie et au bonheur, chacun a \u00e9t\u00e9 invit\u00e9 \u00e0 entendre et \u00e0 \u00e9couter la loi d\u2019amour du Seigneur.<\/p>\n<p><img loading=\"lazy\" decoding=\"async\" class=\"aligncenter size-full wp-image-5168\" src=\"https:\/\/www.notredamelacouronne.fr\/news\/wp-content\/uploads\/2019\/10\/Resized_20191018_143227_71981.jpg\" alt=\"\" width=\"1440\" height=\"1080\" srcset=\"https:\/\/www.notredamelacouronne.fr\/news\/wp-content\/uploads\/2019\/10\/Resized_20191018_143227_71981.jpg 1440w, https:\/\/www.notredamelacouronne.fr\/news\/wp-content\/uploads\/2019\/10\/Resized_20191018_143227_71981-300x225.jpg 300w, https:\/\/www.notredamelacouronne.fr\/news\/wp-content\/uploads\/2019\/10\/Resized_20191018_143227_71981-768x576.jpg 768w, https:\/\/www.notredamelacouronne.fr\/news\/wp-content\/uploads\/2019\/10\/Resized_20191018_143227_71981-600x450.jpg 600w, https:\/\/www.notredamelacouronne.fr\/news\/wp-content\/uploads\/2019\/10\/Resized_20191018_143227_71981-730x548.jpg 730w\" sizes=\"auto, (max-width: 1440px) 100vw, 1440px\" \/> <img loading=\"lazy\" decoding=\"async\" class=\"aligncenter size-full wp-image-5169\" src=\"https:\/\/www.notredamelacouronne.fr\/news\/wp-content\/uploads\/2019\/10\/Resized_20191018_143236_65441.jpg\" alt=\"\" width=\"1440\" height=\"1080\" srcset=\"https:\/\/www.notredamelacouronne.fr\/news\/wp-content\/uploads\/2019\/10\/Resized_20191018_143236_65441.jpg 1440w, https:\/\/www.notredamelacouronne.fr\/news\/wp-content\/uploads\/2019\/10\/Resized_20191018_143236_65441-300x225.jpg 300w, https:\/\/www.notredamelacouronne.fr\/news\/wp-content\/uploads\/2019\/10\/Resized_20191018_143236_65441-768x576.jpg 768w, https:\/\/www.notredamelacouronne.fr\/news\/wp-content\/uploads\/2019\/10\/Resized_20191018_143236_65441-600x450.jpg 600w, https:\/\/www.notredamelacouronne.fr\/news\/wp-content\/uploads\/2019\/10\/Resized_20191018_143236_65441-730x548.jpg 730w\" sizes=\"auto, (max-width: 1440px) 100vw, 1440px\" \/><\/p>\n<p><img loading=\"lazy\" decoding=\"async\" class=\"aligncenter size-full wp-image-5162\" src=\"https:\/\/www.notredamelacouronne.fr\/news\/wp-content\/uploads\/2019\/10\/IMGP0044bis.jpg\" alt=\"\" width=\"500\" height=\"375\" srcset=\"https:\/\/www.notredamelacouronne.fr\/news\/wp-content\/uploads\/2019\/10\/IMGP0044bis.jpg 500w, https:\/\/www.notredamelacouronne.fr\/news\/wp-content\/uploads\/2019\/10\/IMGP0044bis-300x225.jpg 300w\" sizes=\"auto, (max-width: 500px) 100vw, 500px\" \/><\/p>\n<p><img loading=\"lazy\" decoding=\"async\" class=\"aligncenter size-full wp-image-5161\" src=\"https:\/\/www.notredamelacouronne.fr\/news\/wp-content\/uploads\/2019\/10\/IMGP0043bis.jpg\" alt=\"\" width=\"500\" height=\"375\" srcset=\"https:\/\/www.notredamelacouronne.fr\/news\/wp-content\/uploads\/2019\/10\/IMGP0043bis.jpg 500w, https:\/\/www.notredamelacouronne.fr\/news\/wp-content\/uploads\/2019\/10\/IMGP0043bis-300x225.jpg 300w\" sizes=\"auto, (max-width: 500px) 100vw, 500px\" \/><\/p>\n<p><img loading=\"lazy\" decoding=\"async\" class=\"aligncenter size-full wp-image-5160\" src=\"https:\/\/www.notredamelacouronne.fr\/news\/wp-content\/uploads\/2019\/10\/IMGP0042bis.jpg\" alt=\"\" width=\"500\" height=\"375\" srcset=\"https:\/\/www.notredamelacouronne.fr\/news\/wp-content\/uploads\/2019\/10\/IMGP0042bis.jpg 500w, https:\/\/www.notredamelacouronne.fr\/news\/wp-content\/uploads\/2019\/10\/IMGP0042bis-300x225.jpg 300w\" sizes=\"auto, (max-width: 500px) 100vw, 500px\" \/><\/p>\n<p><img loading=\"lazy\" decoding=\"async\" class=\"aligncenter size-full wp-image-5159\" src=\"https:\/\/www.notredamelacouronne.fr\/news\/wp-content\/uploads\/2019\/10\/IMGP0041bis.jpg\" alt=\"\" width=\"500\" height=\"375\" srcset=\"https:\/\/www.notredamelacouronne.fr\/news\/wp-content\/uploads\/2019\/10\/IMGP0041bis.jpg 500w, https:\/\/www.notredamelacouronne.fr\/news\/wp-content\/uploads\/2019\/10\/IMGP0041bis-300x225.jpg 300w\" sizes=\"auto, (max-width: 500px) 100vw, 500px\" \/><\/p>\n<p><img loading=\"lazy\" decoding=\"async\" class=\"aligncenter size-full wp-image-5158\" src=\"https:\/\/www.notredamelacouronne.fr\/news\/wp-content\/uploads\/2019\/10\/IMGP0040bis.jpg\" alt=\"\" width=\"500\" height=\"375\" srcset=\"https:\/\/www.notredamelacouronne.fr\/news\/wp-content\/uploads\/2019\/10\/IMGP0040bis.jpg 500w, https:\/\/www.notredamelacouronne.fr\/news\/wp-content\/uploads\/2019\/10\/IMGP0040bis-300x225.jpg 300w\" sizes=\"auto, (max-width: 500px) 100vw, 500px\" \/><\/p>\n<p><img loading=\"lazy\" decoding=\"async\" class=\"aligncenter size-full wp-image-5157\" src=\"https:\/\/www.notredamelacouronne.fr\/news\/wp-content\/uploads\/2019\/10\/IMGP0039bis.jpg\" alt=\"\" width=\"500\" height=\"375\" srcset=\"https:\/\/www.notredamelacouronne.fr\/news\/wp-content\/uploads\/2019\/10\/IMGP0039bis.jpg 500w, https:\/\/www.notredamelacouronne.fr\/news\/wp-content\/uploads\/2019\/10\/IMGP0039bis-300x225.jpg 300w\" sizes=\"auto, (max-width: 500px) 100vw, 500px\" \/><\/p>\n<p><img loading=\"lazy\" decoding=\"async\" class=\"aligncenter size-full wp-image-5163\" src=\"https:\/\/www.notredamelacouronne.fr\/news\/wp-content\/uploads\/2019\/10\/IMGP0045bis.jpg\" alt=\"\" width=\"500\" height=\"375\" srcset=\"https:\/\/www.notredamelacouronne.fr\/news\/wp-content\/uploads\/2019\/10\/IMGP0045bis.jpg 500w, https:\/\/www.notredamelacouronne.fr\/news\/wp-content\/uploads\/2019\/10\/IMGP0045bis-300x225.jpg 300w\" sizes=\"auto, (max-width: 500px) 100vw, 500px\" \/><\/p>\n<p>&nbsp;<\/p>\n<p style=\"text-align: center;\"><strong>A chacun d\u2019entre nous de chercher le chemin, dans les pas de J\u00e9sus\u2026<\/strong><\/p>\n","protected":false},"excerpt":{"rendered":"<p>_<\/p>\n","protected":false},"author":4,"featured_media":0,"comment_status":"closed","ping_status":"closed","sticky":false,"template":"","format":"standard","meta":{"footnotes":""},"categories":[6],"tags":[],"class_list":["post-5166","post","type-post","status-publish","format-standard","hentry","category-pastorale"],"_links":{"self":[{"href":"https:\/\/www.notredamelacouronne.fr\/news\/wp-json\/wp\/v2\/posts\/5166","targetHints":{"allow":["GET"]}}],"collection":[{"href":"https:\/\/www.notredamelacouronne.fr\/news\/wp-json\/wp\/v2\/posts"}],"about":[{"href":"https:\/\/www.notredamelacouronne.fr\/news\/wp-json\/wp\/v2\/types\/post"}],"author":[{"embeddable":true,"href":"https:\/\/www.notredamelacouronne.fr\/news\/wp-json\/wp\/v2\/users\/4"}],"replies":[{"embeddable":true,"href":"https:\/\/www.notredamelacouronne.fr\/news\/wp-json\/wp\/v2\/comments?post=5166"}],"version-history":[{"count":0,"href":"https:\/\/www.notredamelacouronne.fr\/news\/wp-json\/wp\/v2\/posts\/5166\/revisions"}],"wp:attachment":[{"href":"https:\/\/www.notredamelacouronne.fr\/news\/wp-json\/wp\/v2\/media?parent=5166"}],"wp:term":[{"taxonomy":"category","embeddable":true,"href":"https:\/\/www.notredamelacouronne.fr\/news\/wp-json\/wp\/v2\/categories?post=5166"},{"taxonomy":"post_tag","embeddable":true,"href":"https:\/\/www.notredamelacouronne.fr\/news\/wp-json\/wp\/v2\/tags?post=5166"}],"curies":[{"name":"wp","href":"https:\/\/api.w.org\/{rel}","templated":true}]}}