{"id":5118,"date":"2019-10-16T14:40:37","date_gmt":"2019-10-16T13:40:37","guid":{"rendered":"http:\/\/www.notredamelacouronne.fr\/news\/?p=5118"},"modified":"2019-10-21T11:11:40","modified_gmt":"2019-10-21T10:11:40","slug":"a-la-maniere-de-gustave-klimt-grandes-sections","status":"publish","type":"post","link":"https:\/\/www.notredamelacouronne.fr\/news\/2019\/10\/a-la-maniere-de-gustave-klimt-grandes-sections\/","title":{"rendered":"A la mani\u00e8re de Gustave Klimt : Grandes sections"},"content":{"rendered":"<div>\n<p>Voici la seconde \u0153uvre du petit mus\u00e9e des grandes sections        r\u00e9alis\u00e9e dans le cadre de l&rsquo;automne. Il s&rsquo;agit d&rsquo;une composition        r\u00e9alis\u00e9e sur du papier noir.       <\/p>\n<p>Les troncs d&rsquo;arbres ont \u00e9t\u00e9 d\u00e9coup\u00e9s dans du papier journal et        coll\u00e9s. Le tapis de feuilles et le feuillage ont \u00e9t\u00e9 r\u00e9alis\u00e9s \u00e0 la        peinture avec le doigt.       <\/p>\n<div class=\"moz-signature\">Ce travail d&rsquo;art visuel est actuellement        expos\u00e9 en classe sur le mur de la bibioth\u00e8que et peut \u00eatre regard\u00e9        d\u00e8s l&rsquo;entr\u00e9e.<\/div>\n<div class=\"moz-signature\">      <\/div>\n<div class=\"moz-signature\"><img loading=\"lazy\" decoding=\"async\"          src=\"https:\/\/www.notredamelacouronne.fr\/news\/wp-content\/uploads\/2019\/10\/nnanhgihfbneodel.png\" alt=\"\" width=\"354\"          height=\"265\">\u00a0\u00a0\u00a0\u00a0\u00a0\u00a0\u00a0\u00a0\u00a0\u00a0 <img loading=\"lazy\" decoding=\"async\"          src=\"https:\/\/www.notredamelacouronne.fr\/news\/wp-content\/uploads\/2019\/10\/alglmlegkefbilhl.png\" alt=\"\" width=\"647\"          height=\"208\"><\/div>\n<\/p><\/div>\n","protected":false},"excerpt":{"rendered":"<p>_<\/p>\n","protected":false},"author":6,"featured_media":0,"comment_status":"closed","ping_status":"closed","sticky":false,"template":"","format":"standard","meta":{"footnotes":""},"categories":[2],"tags":[],"class_list":["post-5118","post","type-post","status-publish","format-standard","hentry","category-vie-des-classes"],"_links":{"self":[{"href":"https:\/\/www.notredamelacouronne.fr\/news\/wp-json\/wp\/v2\/posts\/5118","targetHints":{"allow":["GET"]}}],"collection":[{"href":"https:\/\/www.notredamelacouronne.fr\/news\/wp-json\/wp\/v2\/posts"}],"about":[{"href":"https:\/\/www.notredamelacouronne.fr\/news\/wp-json\/wp\/v2\/types\/post"}],"author":[{"embeddable":true,"href":"https:\/\/www.notredamelacouronne.fr\/news\/wp-json\/wp\/v2\/users\/6"}],"replies":[{"embeddable":true,"href":"https:\/\/www.notredamelacouronne.fr\/news\/wp-json\/wp\/v2\/comments?post=5118"}],"version-history":[{"count":0,"href":"https:\/\/www.notredamelacouronne.fr\/news\/wp-json\/wp\/v2\/posts\/5118\/revisions"}],"wp:attachment":[{"href":"https:\/\/www.notredamelacouronne.fr\/news\/wp-json\/wp\/v2\/media?parent=5118"}],"wp:term":[{"taxonomy":"category","embeddable":true,"href":"https:\/\/www.notredamelacouronne.fr\/news\/wp-json\/wp\/v2\/categories?post=5118"},{"taxonomy":"post_tag","embeddable":true,"href":"https:\/\/www.notredamelacouronne.fr\/news\/wp-json\/wp\/v2\/tags?post=5118"}],"curies":[{"name":"wp","href":"https:\/\/api.w.org\/{rel}","templated":true}]}}