{"id":5025,"date":"2019-09-13T09:39:07","date_gmt":"2019-09-13T08:39:07","guid":{"rendered":"http:\/\/www.notredamelacouronne.fr\/news\/?p=5025"},"modified":"2019-10-14T21:52:31","modified_gmt":"2019-10-14T20:52:31","slug":"assemblee-generale-apel","status":"publish","type":"post","link":"https:\/\/www.notredamelacouronne.fr\/news\/2019\/09\/assemblee-generale-apel\/","title":{"rendered":"Assembl\u00e9e g\u00e9n\u00e9rale APEL"},"content":{"rendered":"<p>L&rsquo;assembl\u00e9e g\u00e9n\u00e9rale de l&rsquo;APEL aura lieu le vendredi 27 septembre \u00e0 19h00.<br \/>\nAfin de pr\u00e9parer cette r\u00e9union et vos \u00e9ventuelles questions, vous  trouverez en attach\u00e9 un document r\u00e9capitulant les actions principales de  l&rsquo;ann\u00e9e de votre APEL pour l&rsquo;ann\u00e9e 2018-2019.<br \/>\nVous en souhaitant bonne lecture.<\/p>\n<div class=\"postie-attachments\"><a href=\"https:\/\/www.notredamelacouronne.fr\/news\/wp-content\/uploads\/2019\/09\/Document-pr\u00e9paratoire-AG-septembre-2019-1.docx\"><img src='https:\/\/www.notredamelacouronne.fr\/news\/wp-content\/plugins\/postie\/icons\/silver\/doc-32.png' alt='doc icon' \/> Document-pr\u00e9paratoire-AG-septembre-2019-1.docx<\/a>\n<\/div>\n","protected":false},"excerpt":{"rendered":"<p>_<\/p>\n","protected":false},"author":6,"featured_media":0,"comment_status":"closed","ping_status":"closed","sticky":false,"template":"","format":"standard","meta":{"footnotes":""},"categories":[7],"tags":[],"class_list":["post-5025","post","type-post","status-publish","format-standard","hentry","category-animations-apel"],"_links":{"self":[{"href":"https:\/\/www.notredamelacouronne.fr\/news\/wp-json\/wp\/v2\/posts\/5025","targetHints":{"allow":["GET"]}}],"collection":[{"href":"https:\/\/www.notredamelacouronne.fr\/news\/wp-json\/wp\/v2\/posts"}],"about":[{"href":"https:\/\/www.notredamelacouronne.fr\/news\/wp-json\/wp\/v2\/types\/post"}],"author":[{"embeddable":true,"href":"https:\/\/www.notredamelacouronne.fr\/news\/wp-json\/wp\/v2\/users\/6"}],"replies":[{"embeddable":true,"href":"https:\/\/www.notredamelacouronne.fr\/news\/wp-json\/wp\/v2\/comments?post=5025"}],"version-history":[{"count":0,"href":"https:\/\/www.notredamelacouronne.fr\/news\/wp-json\/wp\/v2\/posts\/5025\/revisions"}],"wp:attachment":[{"href":"https:\/\/www.notredamelacouronne.fr\/news\/wp-json\/wp\/v2\/media?parent=5025"}],"wp:term":[{"taxonomy":"category","embeddable":true,"href":"https:\/\/www.notredamelacouronne.fr\/news\/wp-json\/wp\/v2\/categories?post=5025"},{"taxonomy":"post_tag","embeddable":true,"href":"https:\/\/www.notredamelacouronne.fr\/news\/wp-json\/wp\/v2\/tags?post=5025"}],"curies":[{"name":"wp","href":"https:\/\/api.w.org\/{rel}","templated":true}]}}